{"id":4405,"date":"2025-09-24T19:00:00","date_gmt":"2025-09-24T22:00:00","guid":{"rendered":"https:\/\/diariodepernambuco.audiencelabs.com.br\/?p=4405"},"modified":"2025-09-23T13:54:50","modified_gmt":"2025-09-23T16:54:50","slug":"comemorem-brasileiros-13o-salario-sera-pago-a-partir-de-amanha","status":"publish","type":"post","link":"https:\/\/diariodepernambuco.audiencelabs.com.br\/comemorem-brasileiros-13o-salario-sera-pago-a-partir-de-amanha\/","title":{"rendered":"Comemorem, brasileiros! 13\u00ba sal\u00e1rio ser\u00e1 pago a partir de amanh\u00e3"},"content":{"rendered":"\n<p>O Governo de Mato Grosso do Sul confirmou a antecipa\u00e7\u00e3o do pagamento da primeira parcela do 13\u00ba sal\u00e1rio dos servidores estaduais. Os dep\u00f3sitos ser\u00e3o feitos nesta quarta-feira (24) e estar\u00e3o dispon\u00edveis para saque a partir de 25 de setembro, alcan\u00e7ando cerca de 82 mil servidores ativos e inativos. A medida deve injetar aproximadamente R$ 300 milh\u00f5es na economia do estado.<\/p>\n\n\n\n<p>&#8220;A antecipa\u00e7\u00e3o de metade do 13\u00ba sal\u00e1rio dos servidores estaduais para setembro \u00e9 uma medida respons\u00e1vel que valoriza quem trabalha e movimenta a economia de Mato Grosso do Sul. Uma decis\u00e3o que fortalece o consumo&#8221;, afirmou o governador Eduardo Riedel (PP), acrescentando que a antecipa\u00e7\u00e3o busca conciliar responsabilidade fiscal com estimulo \u00e0 economia.<\/p>\n\n\n\n<p>A iniciativa ocorre em um momento estrat\u00e9gico para o setor varejista, \u00e0s v\u00e9speras de datas comemorativas como o Dia das Crian\u00e7as. Segundo a economista do IFP-MS (Instituto de Pesquisa e Desenvolvimento da Fecom\u00e9rcio MS), Regiane Ded\u00e9 de Oliveira, os impactos do recurso devem se refletir em diferentes frentes.<\/p>\n\n\n\n<p>Um levantamento realizado pelo IFP-MS em parceria com o Sebrae indica que, embora o gasto m\u00e9dio por consumidor tenha recuado, aumentou a inten\u00e7\u00e3o de presentear. Esse comportamento deve intensificar o fluxo de clientes nas lojas durante o m\u00eas de outubro, coincidindo com a libera\u00e7\u00e3o da primeira parcela do benef\u00edcio.<\/p>\n\n\n\n<p>Al\u00e9m dos servidores ativos, o pagamento contempla aposentados, pensionistas e benefici\u00e1rios de aux\u00edlio-doen\u00e7a, aux\u00edlio-acidente, aux\u00edlio-reclus\u00e3o e sal\u00e1rio-maternidade recebidos em 2025. A segunda parcela permanece prevista para dezembro.<\/p>\n\n\n\n<p>A antecipa\u00e7\u00e3o do 13\u00ba sal\u00e1rio n\u00e3o apenas movimenta o com\u00e9rcio, mas tamb\u00e9m contribui para o aquecimento de outros setores da economia, como servi\u00e7os e turismo local. Para muitos trabalhadores, o recurso representa uma oportunidade de organizar despesas, quitar d\u00edvidas ou investir em lazer e compras, refletindo diretamente na melhoria da qualidade de vida.<\/p>\n\n\n\n<p><\/p>\n","protected":false},"excerpt":{"rendered":"<p>O Governo de Mato Grosso do Sul confirmou a antecipa\u00e7\u00e3o do pagamento da primeira parcela do 13\u00ba sal\u00e1rio dos servidores estaduais. Os dep\u00f3sitos ser\u00e3o feitos nesta quarta-feira (24) e estar\u00e3o dispon\u00edveis para saque a partir de 25 de setembro, alcan\u00e7ando cerca de 82 mil servidores ativos e inativos. A medida deve injetar aproximadamente R$ 300 [&hellip;]<\/p>\n","protected":false},"author":4,"featured_media":2120,"comment_status":"open","ping_status":"open","sticky":false,"template":"","format":"standard","meta":{"jnews-multi-image_gallery":[],"jnews_single_post":{"format":"standard"},"jnews_primary_category":[],"jnews_social_meta":[],"jnews_post_split":[],"footnotes":""},"categories":[1],"tags":[],"class_list":["post-4405","post","type-post","status-publish","format-standard","has-post-thumbnail","hentry","category-uncategorized"],"_links":{"self":[{"href":"https:\/\/diariodepernambuco.audiencelabs.com.br\/wp-json\/wp\/v2\/posts\/4405","targetHints":{"allow":["GET"]}}],"collection":[{"href":"https:\/\/diariodepernambuco.audiencelabs.com.br\/wp-json\/wp\/v2\/posts"}],"about":[{"href":"https:\/\/diariodepernambuco.audiencelabs.com.br\/wp-json\/wp\/v2\/types\/post"}],"author":[{"embeddable":true,"href":"https:\/\/diariodepernambuco.audiencelabs.com.br\/wp-json\/wp\/v2\/users\/4"}],"replies":[{"embeddable":true,"href":"https:\/\/diariodepernambuco.audiencelabs.com.br\/wp-json\/wp\/v2\/comments?post=4405"}],"version-history":[{"count":3,"href":"https:\/\/diariodepernambuco.audiencelabs.com.br\/wp-json\/wp\/v2\/posts\/4405\/revisions"}],"predecessor-version":[{"id":4408,"href":"https:\/\/diariodepernambuco.audiencelabs.com.br\/wp-json\/wp\/v2\/posts\/4405\/revisions\/4408"}],"wp:featuredmedia":[{"embeddable":true,"href":"https:\/\/diariodepernambuco.audiencelabs.com.br\/wp-json\/wp\/v2\/media\/2120"}],"wp:attachment":[{"href":"https:\/\/diariodepernambuco.audiencelabs.com.br\/wp-json\/wp\/v2\/media?parent=4405"}],"wp:term":[{"taxonomy":"category","embeddable":true,"href":"https:\/\/diariodepernambuco.audiencelabs.com.br\/wp-json\/wp\/v2\/categories?post=4405"},{"taxonomy":"post_tag","embeddable":true,"href":"https:\/\/diariodepernambuco.audiencelabs.com.br\/wp-json\/wp\/v2\/tags?post=4405"}],"curies":[{"name":"wp","href":"https:\/\/api.w.org\/{rel}","templated":true}]}}