{"id":4414,"date":"2025-09-27T06:21:00","date_gmt":"2025-09-27T09:21:00","guid":{"rendered":"https:\/\/diariodepernambuco.audiencelabs.com.br\/?p=4414"},"modified":"2025-09-23T15:07:49","modified_gmt":"2025-09-23T18:07:49","slug":"horario-de-verao-governo-diz-sim-para-retorno","status":"publish","type":"post","link":"https:\/\/diariodepernambuco.audiencelabs.com.br\/horario-de-verao-governo-diz-sim-para-retorno\/","title":{"rendered":"Hor\u00e1rio de ver\u00e3o: Governo diz SIM para retorno"},"content":{"rendered":"\n<p>Ap\u00f3s seis anos suspenso, o poss\u00edvel retorno do hor\u00e1rio de ver\u00e3o segue em debate dentro do governo federal. Diante de rumores nas redes sociais sobre a retomada da medida, o MME (Minist\u00e9rio de Minas e Energia) esclareceu, em nota, que o tema \u00e9 constantemente analisado pela Pasta, mas que ainda n\u00e3o h\u00e1 decis\u00e3o oficial.<\/p>\n\n\n\n<p>Segundo o comunicado, os reservat\u00f3rios apresentam condi\u00e7\u00f5es favor\u00e1veis, com evolu\u00e7\u00e3o dentro da normalidade durante o per\u00edodo seco, o que mant\u00e9m o Sistema Interligado Nacional em situa\u00e7\u00e3o mais confort\u00e1vel que a registrada no ano anterior: &#8220;Estudos at\u00e9 fevereiro de 2026 confirmam o pleno atendimento de energia, conforme foi destacado pelo Operador Nacional do Sistema El\u00e9trico&#8221;.<\/p>\n\n\n\n<p>O MME acrescentou que o CMSE (Comit\u00ea de Monitoramento do Setor El\u00e9trico) continua acompanhando de perto o desempenho do sistema, fornecendo \u00e0s autoridades dados atualizados para embasar \u201ca decis\u00e3o mais adequada\u201d.<\/p>\n\n\n\n<p>O hor\u00e1rio de ver\u00e3o foi suspenso em 2019, quando o governo federal avaliou que os padr\u00f5es de consumo de energia haviam se alterado, concentrando-se principalmente no per\u00edodo da tarde. Essa mudan\u00e7a reduziu a efetividade da medida e levou \u00e0 descontinua\u00e7\u00e3o do adiantamento dos rel\u00f3gios.<\/p>\n\n\n\n<h2 class=\"wp-block-heading\">Por qu\u00ea o hor\u00e1rio de ver\u00e3o foi suspenso?<\/h2>\n\n\n\n<p>O hor\u00e1rio de ver\u00e3o foi suspenso em 2019 porque perdeu a efic\u00e1cia no objetivo principal de economizar energia el\u00e9trica.<\/p>\n\n\n\n<p><strong>Alguns pontos que levaram \u00e0 decis\u00e3o:<\/strong><\/p>\n\n\n\n<p>\ud83d\udcc9 Mudan\u00e7a no consumo: antes, o pico de uso de energia ocorria no in\u00edcio da noite. Com a populariza\u00e7\u00e3o de aparelhos de ar-condicionado, esse pico passou para o meio da tarde, quando ainda h\u00e1 luz natural, o que anulou a economia pretendida.<\/p>\n\n\n\n<p>\u26a1 Impacto pequeno: estudos do Minist\u00e9rio de Minas e Energia (MME) e do Operador Nacional do Sistema El\u00e9trico (ONS) mostraram que o ganho energ\u00e9tico passou a ser m\u00ednimo.<\/p>\n\n\n\n<p>\ud83e\ude7a Quest\u00f5es de sa\u00fade: pesquisas da \u00e1rea m\u00e9dica apontaram efeitos negativos \u00e0 sa\u00fade da popula\u00e7\u00e3o, como dist\u00farbios no sono e aumento de riscos cardiovasculares nos primeiros dias da mudan\u00e7a.<\/p>\n\n\n\n<p><\/p>\n","protected":false},"excerpt":{"rendered":"<p>Ap\u00f3s seis anos suspenso, o poss\u00edvel retorno do hor\u00e1rio de ver\u00e3o segue em debate dentro do governo federal. Diante de rumores nas redes sociais sobre a retomada da medida, o MME (Minist\u00e9rio de Minas e Energia) esclareceu, em nota, que o tema \u00e9 constantemente analisado pela Pasta, mas que ainda n\u00e3o h\u00e1 decis\u00e3o oficial. Segundo [&hellip;]<\/p>\n","protected":false},"author":4,"featured_media":4090,"comment_status":"open","ping_status":"open","sticky":false,"template":"","format":"standard","meta":{"jnews-multi-image_gallery":[],"jnews_single_post":{"format":"standard"},"jnews_primary_category":[],"jnews_social_meta":[],"jnews_post_split":[],"footnotes":""},"categories":[1],"tags":[],"class_list":["post-4414","post","type-post","status-publish","format-standard","has-post-thumbnail","hentry","category-uncategorized"],"_links":{"self":[{"href":"https:\/\/diariodepernambuco.audiencelabs.com.br\/wp-json\/wp\/v2\/posts\/4414","targetHints":{"allow":["GET"]}}],"collection":[{"href":"https:\/\/diariodepernambuco.audiencelabs.com.br\/wp-json\/wp\/v2\/posts"}],"about":[{"href":"https:\/\/diariodepernambuco.audiencelabs.com.br\/wp-json\/wp\/v2\/types\/post"}],"author":[{"embeddable":true,"href":"https:\/\/diariodepernambuco.audiencelabs.com.br\/wp-json\/wp\/v2\/users\/4"}],"replies":[{"embeddable":true,"href":"https:\/\/diariodepernambuco.audiencelabs.com.br\/wp-json\/wp\/v2\/comments?post=4414"}],"version-history":[{"count":2,"href":"https:\/\/diariodepernambuco.audiencelabs.com.br\/wp-json\/wp\/v2\/posts\/4414\/revisions"}],"predecessor-version":[{"id":4416,"href":"https:\/\/diariodepernambuco.audiencelabs.com.br\/wp-json\/wp\/v2\/posts\/4414\/revisions\/4416"}],"wp:featuredmedia":[{"embeddable":true,"href":"https:\/\/diariodepernambuco.audiencelabs.com.br\/wp-json\/wp\/v2\/media\/4090"}],"wp:attachment":[{"href":"https:\/\/diariodepernambuco.audiencelabs.com.br\/wp-json\/wp\/v2\/media?parent=4414"}],"wp:term":[{"taxonomy":"category","embeddable":true,"href":"https:\/\/diariodepernambuco.audiencelabs.com.br\/wp-json\/wp\/v2\/categories?post=4414"},{"taxonomy":"post_tag","embeddable":true,"href":"https:\/\/diariodepernambuco.audiencelabs.com.br\/wp-json\/wp\/v2\/tags?post=4414"}],"curies":[{"name":"wp","href":"https:\/\/api.w.org\/{rel}","templated":true}]}}