{"id":4436,"date":"2025-09-27T16:11:00","date_gmt":"2025-09-27T19:11:00","guid":{"rendered":"https:\/\/diariodepernambuco.audiencelabs.com.br\/?p=4436"},"modified":"2025-09-23T19:33:22","modified_gmt":"2025-09-23T22:33:22","slug":"nova-escala-de-trabalho-4x3-foi-aprovada","status":"publish","type":"post","link":"https:\/\/diariodepernambuco.audiencelabs.com.br\/nova-escala-de-trabalho-4x3-foi-aprovada\/","title":{"rendered":"Nova escala de trabalho 4&#215;3 foi aprovada?"},"content":{"rendered":"\n<p>O modelo de jornada 6&#215;1, em que o trabalhador cumpre seis dias consecutivos de trabalho e descansa apenas um, \u00e9 o mais praticado no Brasil, principalmente nos setores de com\u00e9rcio e ind\u00fastria. Regulamentado pela Consolida\u00e7\u00e3o das Leis do Trabalho (CLT), esse formato pode chegar a 44 horas semanais e \u00e9 predominante entre os empregados com carteira assinada.<\/p>\n\n\n\n<p>No entanto, uma Proposta de Emenda \u00e0 Constitui\u00e7\u00e3o (PEC), apresentada em maio pela deputada Erika Hilton (PSOL-SP), prop\u00f5e reduzir a carga semanal para 36 horas, sem corte nos sal\u00e1rios, e substituir a escala atual pela 4&#215;3 \u2014 que prev\u00ea quatro dias de trabalho seguidos de tr\u00eas de descanso.<\/p>\n\n\n\n<p>A escala 4&#215;3, conhecida como \u201csemana de quatro dias\u201d, garante tr\u00eas dias de folga ap\u00f3s quatro dias seguidos de trabalho. O modelo busca reduzir o desgaste da rotina, promovendo mais qualidade de vida aos trabalhadores e benef\u00edcios para a sa\u00fade mental. A PEC apresentada por Erika Hilton destaca que a altera\u00e7\u00e3o poderia gerar benef\u00edcios relevantes.<\/p>\n\n\n\n<p>A proposta toma como refer\u00eancia experi\u00eancias nacionais e internacionais, incluindo o programa \u201c4 Day Week Global\u201d, aplicado em diversas empresas ao redor do mundo. No Brasil, a iniciativa foi testada em 19 companhias, e oito delas decidiram implementar a semana reduzida de forma permanente ap\u00f3s seis meses de avalia\u00e7\u00e3o.<\/p>\n\n\n\n<p>Apesar de a proposta apresentada por Erika Hilton ainda n\u00e3o ter avan\u00e7ado no Congresso devido \u00e0 falta de assinaturas, o crescente interesse pelo modelo de semana de quatro dias revela que a pauta tem apoio. Em pa\u00edses como o Reino Unido, um projeto piloto semelhante j\u00e1 est\u00e1 em andamento, sendo encarado como uma forma de adapta\u00e7\u00e3o \u00e0s novas demandas do mercado e da sociedade.<\/p>\n\n\n\n<p>No Brasil, para que a mudan\u00e7a prospere, a PEC precisa alcan\u00e7ar o n\u00famero m\u00ednimo de assinaturas parlamentares, seguir para an\u00e1lise nas comiss\u00f5es e, em seguida, ser aprovada em dois turnos de vota\u00e7\u00e3o na C\u00e2mara dos Deputados e no Senado.<\/p>\n\n\n\n<p><\/p>\n","protected":false},"excerpt":{"rendered":"<p>O modelo de jornada 6&#215;1, em que o trabalhador cumpre seis dias consecutivos de trabalho e descansa apenas um, \u00e9 o mais praticado no Brasil, principalmente nos setores de com\u00e9rcio e ind\u00fastria. Regulamentado pela Consolida\u00e7\u00e3o das Leis do Trabalho (CLT), esse formato pode chegar a 44 horas semanais e \u00e9 predominante entre os empregados com [&hellip;]<\/p>\n","protected":false},"author":4,"featured_media":4439,"comment_status":"open","ping_status":"open","sticky":false,"template":"","format":"standard","meta":{"jnews-multi-image_gallery":[],"jnews_single_post":{"format":"standard"},"jnews_primary_category":[],"jnews_social_meta":[],"jnews_post_split":[],"footnotes":""},"categories":[1],"tags":[],"class_list":["post-4436","post","type-post","status-publish","format-standard","has-post-thumbnail","hentry","category-uncategorized"],"_links":{"self":[{"href":"https:\/\/diariodepernambuco.audiencelabs.com.br\/wp-json\/wp\/v2\/posts\/4436","targetHints":{"allow":["GET"]}}],"collection":[{"href":"https:\/\/diariodepernambuco.audiencelabs.com.br\/wp-json\/wp\/v2\/posts"}],"about":[{"href":"https:\/\/diariodepernambuco.audiencelabs.com.br\/wp-json\/wp\/v2\/types\/post"}],"author":[{"embeddable":true,"href":"https:\/\/diariodepernambuco.audiencelabs.com.br\/wp-json\/wp\/v2\/users\/4"}],"replies":[{"embeddable":true,"href":"https:\/\/diariodepernambuco.audiencelabs.com.br\/wp-json\/wp\/v2\/comments?post=4436"}],"version-history":[{"count":2,"href":"https:\/\/diariodepernambuco.audiencelabs.com.br\/wp-json\/wp\/v2\/posts\/4436\/revisions"}],"predecessor-version":[{"id":4440,"href":"https:\/\/diariodepernambuco.audiencelabs.com.br\/wp-json\/wp\/v2\/posts\/4436\/revisions\/4440"}],"wp:featuredmedia":[{"embeddable":true,"href":"https:\/\/diariodepernambuco.audiencelabs.com.br\/wp-json\/wp\/v2\/media\/4439"}],"wp:attachment":[{"href":"https:\/\/diariodepernambuco.audiencelabs.com.br\/wp-json\/wp\/v2\/media?parent=4436"}],"wp:term":[{"taxonomy":"category","embeddable":true,"href":"https:\/\/diariodepernambuco.audiencelabs.com.br\/wp-json\/wp\/v2\/categories?post=4436"},{"taxonomy":"post_tag","embeddable":true,"href":"https:\/\/diariodepernambuco.audiencelabs.com.br\/wp-json\/wp\/v2\/tags?post=4436"}],"curies":[{"name":"wp","href":"https:\/\/api.w.org\/{rel}","templated":true}]}}