{"id":4462,"date":"2025-09-24T11:33:58","date_gmt":"2025-09-24T14:33:58","guid":{"rendered":"https:\/\/diariodepernambuco.audiencelabs.com.br\/?p=4462"},"modified":"2025-09-24T11:34:01","modified_gmt":"2025-09-24T14:34:01","slug":"flamengo-surpreende-e-confirma-saida-com-filipe-luis","status":"publish","type":"post","link":"https:\/\/diariodepernambuco.audiencelabs.com.br\/flamengo-surpreende-e-confirma-saida-com-filipe-luis\/","title":{"rendered":"Flamengo surpreende e confirma sa\u00edda com Filipe Lu\u00eds"},"content":{"rendered":"\n<p>Sonhando em se tornar o primeiro clube brasileiro tetracampe\u00e3o da Copa Libertadores da Am\u00e9rica, o Flamengo j\u00e1 est\u00e1 na Argentina para decidir sua vida na competi\u00e7\u00e3o. \u00c0s 21h30 (de Bras\u00edlia) desta quinta-feira (25), o time comandado pelo t\u00e9cnico Filipe Lu\u00eds enfrenta o forte Estudiantes no est\u00e1dio Jorge Luis Hirschi, em La Plata.<\/p>\n\n\n\n<p>O duelo, que definir\u00e1 quem enfrentar\u00e1 o Racing Club, tamb\u00e9m da Argentina, nas semifinais, contar\u00e1 com dois desfalques de peso para o comandante rubro-negro. Ainda sem contar com o chileno Erick Pulgar, em reta final de recupera\u00e7\u00e3o de uma les\u00e3o no quinto metatarso do p\u00e9 direito, Filipe Lu\u00eds tamb\u00e9m n\u00e3o ter\u00e1 Michael \u00e0 disposi\u00e7\u00e3o.<\/p>\n\n\n\n<p>O atacante, que vinha ganhando minutos nas \u00faltimas semanas, apresentou dores no tornozelo esquerdo e permaneceu no Rio de Janeiro para iniciar tratamento. As duas sa\u00eddas, no entanto, n\u00e3o desanima o Flamengo, que ainda ganhar\u00e1 o retorno do experiente Jorginho. O volante est\u00e1 recuperado de dores na coxa e deve ser titular.<\/p>\n\n\n\n<p>Como venceu a partida de ida, disputada no Maracan\u00e3, pelo placar de 2 a 1, o Flamengo pode at\u00e9 empatar que sair\u00e1 classificado da Argentina. Uma vit\u00f3ria simples do Estudiantes leva a decis\u00e3o para os p\u00eanaltis. Os argentinos s\u00f3 saem classificados no tempo normal caso ven\u00e7am por dois ou mais gols de diferen\u00e7a. O duelo contar\u00e1 com transmiss\u00e3o de ESPN (canal fechado) e Disney+ (streaming).<\/p>\n\n\n\n<h2 class=\"wp-block-heading\">Veja a lista de relacionados para Estudiantes x Flamengo<\/h2>\n\n\n\n<p><strong>Goleiros:<\/strong><\/p>\n\n\n\n<ul class=\"wp-block-list\">\n<li>Dyogo Alves<\/li>\n\n\n\n<li>Matheus Cunha<\/li>\n\n\n\n<li>Rossi<\/li>\n<\/ul>\n\n\n\n<p><strong>Laterais:<\/strong><\/p>\n\n\n\n<ul class=\"wp-block-list\">\n<li>Alex Sandro<\/li>\n\n\n\n<li>Ayrton Lucas<\/li>\n\n\n\n<li>Emerson Royal<\/li>\n\n\n\n<li>Varela<\/li>\n\n\n\n<li>Mat\u00edas Vi\u00f1a<\/li>\n<\/ul>\n\n\n\n<p><strong>Zagueiros:<\/strong><\/p>\n\n\n\n<ul class=\"wp-block-list\">\n<li>Cleiton<\/li>\n\n\n\n<li>Danilo<\/li>\n\n\n\n<li>L\u00e9o Ortiz<\/li>\n\n\n\n<li>L\u00e9o Pereira<\/li>\n<\/ul>\n\n\n\n<p><strong>Meias:<\/strong><\/p>\n\n\n\n<ul class=\"wp-block-list\">\n<li>Allan<\/li>\n\n\n\n<li>Carrascal<\/li>\n\n\n\n<li>De Arrascaeta<\/li>\n\n\n\n<li>De La Cruz<\/li>\n\n\n\n<li>Evertton Araujo<\/li>\n\n\n\n<li>Jorginho<\/li>\n\n\n\n<li>Sa\u00fal<\/li>\n<\/ul>\n\n\n\n<p><strong>Atacantes:<\/strong><\/p>\n\n\n\n<ul class=\"wp-block-list\">\n<li>Bruno Henrique<\/li>\n\n\n\n<li>Everton Cebolinha<\/li>\n\n\n\n<li>Juninho<\/li>\n\n\n\n<li>Luiz Ara\u00fajo<\/li>\n\n\n\n<li>Pedro<\/li>\n\n\n\n<li>Plata<\/li>\n\n\n\n<li>Samuel Lino<\/li>\n\n\n\n<li>Wallace Yan<\/li>\n<\/ul>\n\n\n\n<p><\/p>\n","protected":false},"excerpt":{"rendered":"<p>Sonhando em se tornar o primeiro clube brasileiro tetracampe\u00e3o da Copa Libertadores da Am\u00e9rica, o Flamengo j\u00e1 est\u00e1 na Argentina para decidir sua vida na competi\u00e7\u00e3o. \u00c0s 21h30 (de Bras\u00edlia) desta quinta-feira (25), o time comandado pelo t\u00e9cnico Filipe Lu\u00eds enfrenta o forte Estudiantes no est\u00e1dio Jorge Luis Hirschi, em La Plata. O duelo, que [&hellip;]<\/p>\n","protected":false},"author":4,"featured_media":4463,"comment_status":"open","ping_status":"open","sticky":false,"template":"","format":"standard","meta":{"jnews-multi-image_gallery":[],"jnews_single_post":{"format":"standard"},"jnews_primary_category":[],"jnews_social_meta":[],"jnews_post_split":[],"footnotes":""},"categories":[1],"tags":[],"class_list":["post-4462","post","type-post","status-publish","format-standard","has-post-thumbnail","hentry","category-uncategorized"],"_links":{"self":[{"href":"https:\/\/diariodepernambuco.audiencelabs.com.br\/wp-json\/wp\/v2\/posts\/4462","targetHints":{"allow":["GET"]}}],"collection":[{"href":"https:\/\/diariodepernambuco.audiencelabs.com.br\/wp-json\/wp\/v2\/posts"}],"about":[{"href":"https:\/\/diariodepernambuco.audiencelabs.com.br\/wp-json\/wp\/v2\/types\/post"}],"author":[{"embeddable":true,"href":"https:\/\/diariodepernambuco.audiencelabs.com.br\/wp-json\/wp\/v2\/users\/4"}],"replies":[{"embeddable":true,"href":"https:\/\/diariodepernambuco.audiencelabs.com.br\/wp-json\/wp\/v2\/comments?post=4462"}],"version-history":[{"count":1,"href":"https:\/\/diariodepernambuco.audiencelabs.com.br\/wp-json\/wp\/v2\/posts\/4462\/revisions"}],"predecessor-version":[{"id":4464,"href":"https:\/\/diariodepernambuco.audiencelabs.com.br\/wp-json\/wp\/v2\/posts\/4462\/revisions\/4464"}],"wp:featuredmedia":[{"embeddable":true,"href":"https:\/\/diariodepernambuco.audiencelabs.com.br\/wp-json\/wp\/v2\/media\/4463"}],"wp:attachment":[{"href":"https:\/\/diariodepernambuco.audiencelabs.com.br\/wp-json\/wp\/v2\/media?parent=4462"}],"wp:term":[{"taxonomy":"category","embeddable":true,"href":"https:\/\/diariodepernambuco.audiencelabs.com.br\/wp-json\/wp\/v2\/categories?post=4462"},{"taxonomy":"post_tag","embeddable":true,"href":"https:\/\/diariodepernambuco.audiencelabs.com.br\/wp-json\/wp\/v2\/tags?post=4462"}],"curies":[{"name":"wp","href":"https:\/\/api.w.org\/{rel}","templated":true}]}}