{"id":4465,"date":"2025-09-25T09:00:00","date_gmt":"2025-09-25T12:00:00","guid":{"rendered":"https:\/\/diariodepernambuco.audiencelabs.com.br\/?p=4465"},"modified":"2025-09-24T12:06:58","modified_gmt":"2025-09-24T15:06:58","slug":"neymar-vai-jogar-no-cruzeiro-ano-que-vem","status":"publish","type":"post","link":"https:\/\/diariodepernambuco.audiencelabs.com.br\/neymar-vai-jogar-no-cruzeiro-ano-que-vem\/","title":{"rendered":"Neymar vai jogar no Cruzeiro ano que vem?"},"content":{"rendered":"\n<p>Novamente fora de combate gra\u00e7as a uma les\u00e3o grau 2 na coxa direita, o astro Neymar vem convivendo com in\u00fameros problemas f\u00edsicos em seu esperado e sonhado retorno ao Santos, clube que o revelou. Com contrato v\u00e1lido somente at\u00e9 o fim do ano, o camisa 10 soma apenas seis gols e tr\u00eas assist\u00eancias em 21 jogos no ano e s\u00f3 deve voltar \u00e0 campo na reta final de outubro.<\/p>\n\n\n\n<p>Neymar sofreu uma les\u00e3o no m\u00fasculo reto femoral da coxa, localizado na regi\u00e3o do quadr\u00edceps, conhecida como o \u201cmotor do chute\u201d. Em casos de menor gravidade, o tempo estimado para recupera\u00e7\u00e3o completa \u00e9 de at\u00e9 quatro semanas.<\/p>\n\n\n<div class=\"wp-block-image\">\n<figure class=\"aligncenter size-large is-resized\"><img loading=\"lazy\" decoding=\"async\" width=\"978\" height=\"1024\" src=\"https:\/\/diariodepernambuco.audiencelabs.com.br\/wp-content\/uploads\/2025\/09\/Neymar-978x1024.avif\" alt=\"\" class=\"wp-image-4467\" style=\"width:716px;height:auto\" srcset=\"https:\/\/diariodepernambuco.audiencelabs.com.br\/wp-content\/uploads\/2025\/09\/Neymar-978x1024.avif 978w, https:\/\/diariodepernambuco.audiencelabs.com.br\/wp-content\/uploads\/2025\/09\/Neymar-287x300.avif 287w, https:\/\/diariodepernambuco.audiencelabs.com.br\/wp-content\/uploads\/2025\/09\/Neymar-768x804.avif 768w, https:\/\/diariodepernambuco.audiencelabs.com.br\/wp-content\/uploads\/2025\/09\/Neymar-750x785.avif 750w, https:\/\/diariodepernambuco.audiencelabs.com.br\/wp-content\/uploads\/2025\/09\/Neymar.avif 984w\" sizes=\"auto, (max-width: 978px) 100vw, 978px\" \/><figcaption class=\"wp-element-caption\">Neymar mostra processo de recupera\u00e7\u00e3o de les\u00e3o no Santos \u2014 Foto: Diego Sanches\/Santos<\/figcaption><\/figure>\n<\/div>\n\n\n<p>Enquanto o craque trabalha para recuperar a melhor forma f\u00edsica, um debate na &#8220;R\u00e1dio 98 FM&#8221; cravou que o melhor para Neymar \u00e9 que ele saia do Santos no pr\u00f3ximo ano visando estar apto para a disputa da Copa do Mundo com a Sele\u00e7\u00e3o Brasileira. O jornalista Rica Perrone foi ainda mais al\u00e9m e cravou qual deveria ser o seu destino: o Cruzeiro.<\/p>\n\n\n\n<p>&#8220;Eu acho que o Neymar tem de fazer uma escolha depois dessa decis\u00e3o. E ele tem de fazer uma mudan\u00e7a radical. Ele tem de escolher um time forte nesses \u00faltimos seis meses at\u00e9 a Copa. E isso n\u00e3o vai ser no Santos, que tem um time fraco. Se eu tivesse de olhar o cen\u00e1rio, acho que o Neymar encaixaria muito bem no Cruzeiro&#8221;, disse.<\/p>\n\n\n\n<h2 class=\"wp-block-heading\">N\u00fameros da carreira de Neymar Jr.<\/h2>\n\n\n\n<ul class=\"wp-block-list\">\n<li>Santos &#8211; 2009\/13 &#8211; 225 jogos, 136 gols e 63 assist\u00eancias<\/li>\n\n\n\n<li>Barcelona &#8211; 2013\/17 &#8211; 186 jogos, 105 gols e 62 assist\u00eancias<\/li>\n\n\n\n<li>Paris SG &#8211; 2017\/23 &#8211; 173 jogos, 118 gols e 70 assist\u00eancias<\/li>\n\n\n\n<li>Al-Hilal &#8211; 2023\/24 &#8211; 7 jogos, um gol e duas assist\u00eancias<\/li>\n\n\n\n<li>Santos &#8211; 2025 &#8211; 21 jogos, seis gols e tr\u00eas assist\u00eancias<\/li>\n<\/ul>\n\n\n\n<ul class=\"wp-block-list\">\n<li>Sele\u00e7\u00e3o Brasileira &#8211; 128 jogos, 79 gols e 59 assist\u00eancias<\/li>\n<\/ul>\n\n\n\n<p><\/p>\n","protected":false},"excerpt":{"rendered":"<p>Novamente fora de combate gra\u00e7as a uma les\u00e3o grau 2 na coxa direita, o astro Neymar vem convivendo com in\u00fameros problemas f\u00edsicos em seu esperado e sonhado retorno ao Santos, clube que o revelou. Com contrato v\u00e1lido somente at\u00e9 o fim do ano, o camisa 10 soma apenas seis gols e tr\u00eas assist\u00eancias em 21 [&hellip;]<\/p>\n","protected":false},"author":4,"featured_media":1404,"comment_status":"open","ping_status":"open","sticky":false,"template":"","format":"standard","meta":{"jnews-multi-image_gallery":[],"jnews_single_post":{"format":"standard"},"jnews_primary_category":[],"jnews_social_meta":[],"jnews_post_split":[],"footnotes":""},"categories":[1],"tags":[],"class_list":["post-4465","post","type-post","status-publish","format-standard","has-post-thumbnail","hentry","category-uncategorized"],"_links":{"self":[{"href":"https:\/\/diariodepernambuco.audiencelabs.com.br\/wp-json\/wp\/v2\/posts\/4465","targetHints":{"allow":["GET"]}}],"collection":[{"href":"https:\/\/diariodepernambuco.audiencelabs.com.br\/wp-json\/wp\/v2\/posts"}],"about":[{"href":"https:\/\/diariodepernambuco.audiencelabs.com.br\/wp-json\/wp\/v2\/types\/post"}],"author":[{"embeddable":true,"href":"https:\/\/diariodepernambuco.audiencelabs.com.br\/wp-json\/wp\/v2\/users\/4"}],"replies":[{"embeddable":true,"href":"https:\/\/diariodepernambuco.audiencelabs.com.br\/wp-json\/wp\/v2\/comments?post=4465"}],"version-history":[{"count":2,"href":"https:\/\/diariodepernambuco.audiencelabs.com.br\/wp-json\/wp\/v2\/posts\/4465\/revisions"}],"predecessor-version":[{"id":4468,"href":"https:\/\/diariodepernambuco.audiencelabs.com.br\/wp-json\/wp\/v2\/posts\/4465\/revisions\/4468"}],"wp:featuredmedia":[{"embeddable":true,"href":"https:\/\/diariodepernambuco.audiencelabs.com.br\/wp-json\/wp\/v2\/media\/1404"}],"wp:attachment":[{"href":"https:\/\/diariodepernambuco.audiencelabs.com.br\/wp-json\/wp\/v2\/media?parent=4465"}],"wp:term":[{"taxonomy":"category","embeddable":true,"href":"https:\/\/diariodepernambuco.audiencelabs.com.br\/wp-json\/wp\/v2\/categories?post=4465"},{"taxonomy":"post_tag","embeddable":true,"href":"https:\/\/diariodepernambuco.audiencelabs.com.br\/wp-json\/wp\/v2\/tags?post=4465"}],"curies":[{"name":"wp","href":"https:\/\/api.w.org\/{rel}","templated":true}]}}