{"id":4469,"date":"2025-09-25T09:30:00","date_gmt":"2025-09-25T12:30:00","guid":{"rendered":"https:\/\/diariodepernambuco.audiencelabs.com.br\/?p=4469"},"modified":"2025-09-24T12:17:19","modified_gmt":"2025-09-24T15:17:19","slug":"cesar-tralli-trouxe-noticia-assustadora-morte-confirmada","status":"publish","type":"post","link":"https:\/\/diariodepernambuco.audiencelabs.com.br\/cesar-tralli-trouxe-noticia-assustadora-morte-confirmada\/","title":{"rendered":"C\u00e9sar Tralli trouxe not\u00edcia assustadora: morte confirmada"},"content":{"rendered":"\n<p>Um dos principais nomes da atualidade no jornalismo brasileiro e prestes a substituir William Bonner na bancada do Jornal Nacional, C\u00e9sar Tralli, hoje \u00e2ncora do Jornal Hoje da Rede Globo, trouxe uma triste not\u00edcia para quem acompanhava a atra\u00e7\u00e3o na \u00faltima segunda-feira (22). Emocionado, o jornalista comunicou o sepultamento de uma fam\u00edlia em Goi\u00e1s.<\/p>\n\n\n\n<p>Jos\u00e9 M\u00e1rio da Silva Souto, de 38 anos, Dayane Pereira dos Santos, de 32 anos, e os quatro filhos, Jos\u00e9 Victor, Emanuela, Jos\u00e9 Arthur e Th\u00e9o, de 17, 14, 10 e 3 anos, estavam entre os mortos em um acidente envolvendo um caminh\u00e3o, dois carros e uma moto na BR-153, em Campinorte, na regi\u00e3o norte do estado, no \u00faltimo domingo (21).<\/p>\n\n\n<div class=\"wp-block-image\">\n<figure class=\"aligncenter size-full is-resized\"><img loading=\"lazy\" decoding=\"async\" width=\"984\" height=\"656\" src=\"https:\/\/diariodepernambuco.audiencelabs.com.br\/wp-content\/uploads\/2025\/09\/Acidente-BR-153.avif\" alt=\"\" class=\"wp-image-4472\" style=\"width:818px;height:auto\" srcset=\"https:\/\/diariodepernambuco.audiencelabs.com.br\/wp-content\/uploads\/2025\/09\/Acidente-BR-153.avif 984w, https:\/\/diariodepernambuco.audiencelabs.com.br\/wp-content\/uploads\/2025\/09\/Acidente-BR-153-300x200.avif 300w, https:\/\/diariodepernambuco.audiencelabs.com.br\/wp-content\/uploads\/2025\/09\/Acidente-BR-153-768x512.avif 768w, https:\/\/diariodepernambuco.audiencelabs.com.br\/wp-content\/uploads\/2025\/09\/Acidente-BR-153-750x500.avif 750w\" sizes=\"auto, (max-width: 984px) 100vw, 984px\" \/><figcaption class=\"wp-element-caption\">Acidente que deixou mortos na BR-153 envolve caminh\u00e3o de carga, em Goi\u00e1s \u2014 Foto: Arquivo pessoal\/Raphael Gomes<\/figcaption><\/figure>\n<\/div>\n\n\n<p>Segundo a Ecovias Araguaia, concession\u00e1ria respons\u00e1vel pela rodovia, o acidente aconteceu por volta das 18h50, no km 171 da BR. Ap\u00f3s a batida, a pista precisou ser totalmente interditada. A PRF informou que o carro da fam\u00edlia seguia de Ja\u00fa do Tocantins para Campinorte quando foi atingido na traseira por uma caminhonete.<\/p>\n\n\n\n<p>Com o impacto, a motorista perdeu o controle da dire\u00e7\u00e3o, invadiu a pista contr\u00e1ria e colidiu com um caminh\u00e3o carregado de bebidas. De acordo com a corpora\u00e7\u00e3o, a for\u00e7a da colis\u00e3o lan\u00e7ou todos os ocupantes do banco traseiro para fora do ve\u00edculo. Na sequ\u00eancia, o caminh\u00e3o colidiu com uma motocicleta e tombou na pista. O condutor da moto e a passageira tamb\u00e9m morreram no local.<\/p>\n\n\n\n<p>De acordo com a PRF, o motorista de 46 anos que bateu no carro da fam\u00edlia estava embriagado e fugiu ap\u00f3s o acidente. Com o apoio da Pol\u00edcia Militar de Goi\u00e1s (PM-GO), ele foi localizado, preso, e a caminhonete que conduzia acabou apreendida.<\/p>\n\n\n\n<p><\/p>\n","protected":false},"excerpt":{"rendered":"<p>Um dos principais nomes da atualidade no jornalismo brasileiro e prestes a substituir William Bonner na bancada do Jornal Nacional, C\u00e9sar Tralli, hoje \u00e2ncora do Jornal Hoje da Rede Globo, trouxe uma triste not\u00edcia para quem acompanhava a atra\u00e7\u00e3o na \u00faltima segunda-feira (22). Emocionado, o jornalista comunicou o sepultamento de uma fam\u00edlia em Goi\u00e1s. Jos\u00e9 [&hellip;]<\/p>\n","protected":false},"author":4,"featured_media":4471,"comment_status":"open","ping_status":"open","sticky":false,"template":"","format":"standard","meta":{"jnews-multi-image_gallery":[],"jnews_single_post":{"format":"standard"},"jnews_primary_category":[],"jnews_social_meta":[],"jnews_post_split":[],"footnotes":""},"categories":[1],"tags":[],"class_list":["post-4469","post","type-post","status-publish","format-standard","has-post-thumbnail","hentry","category-uncategorized"],"_links":{"self":[{"href":"https:\/\/diariodepernambuco.audiencelabs.com.br\/wp-json\/wp\/v2\/posts\/4469","targetHints":{"allow":["GET"]}}],"collection":[{"href":"https:\/\/diariodepernambuco.audiencelabs.com.br\/wp-json\/wp\/v2\/posts"}],"about":[{"href":"https:\/\/diariodepernambuco.audiencelabs.com.br\/wp-json\/wp\/v2\/types\/post"}],"author":[{"embeddable":true,"href":"https:\/\/diariodepernambuco.audiencelabs.com.br\/wp-json\/wp\/v2\/users\/4"}],"replies":[{"embeddable":true,"href":"https:\/\/diariodepernambuco.audiencelabs.com.br\/wp-json\/wp\/v2\/comments?post=4469"}],"version-history":[{"count":2,"href":"https:\/\/diariodepernambuco.audiencelabs.com.br\/wp-json\/wp\/v2\/posts\/4469\/revisions"}],"predecessor-version":[{"id":4474,"href":"https:\/\/diariodepernambuco.audiencelabs.com.br\/wp-json\/wp\/v2\/posts\/4469\/revisions\/4474"}],"wp:featuredmedia":[{"embeddable":true,"href":"https:\/\/diariodepernambuco.audiencelabs.com.br\/wp-json\/wp\/v2\/media\/4471"}],"wp:attachment":[{"href":"https:\/\/diariodepernambuco.audiencelabs.com.br\/wp-json\/wp\/v2\/media?parent=4469"}],"wp:term":[{"taxonomy":"category","embeddable":true,"href":"https:\/\/diariodepernambuco.audiencelabs.com.br\/wp-json\/wp\/v2\/categories?post=4469"},{"taxonomy":"post_tag","embeddable":true,"href":"https:\/\/diariodepernambuco.audiencelabs.com.br\/wp-json\/wp\/v2\/tags?post=4469"}],"curies":[{"name":"wp","href":"https:\/\/api.w.org\/{rel}","templated":true}]}}