{"id":4506,"date":"2025-09-25T15:30:00","date_gmt":"2025-09-25T18:30:00","guid":{"rendered":"https:\/\/diariodepernambuco.audiencelabs.com.br\/?p=4506"},"modified":"2025-09-24T14:38:49","modified_gmt":"2025-09-24T17:38:49","slug":"mudanca-nas-ferias-dos-trabalhadores-vai-ser-confirmada","status":"publish","type":"post","link":"https:\/\/diariodepernambuco.audiencelabs.com.br\/mudanca-nas-ferias-dos-trabalhadores-vai-ser-confirmada\/","title":{"rendered":"Mudan\u00e7a nas f\u00e9rias dos trabalhadores vai ser confirmada"},"content":{"rendered":"\n<p>Uma importante atualiza\u00e7\u00e3o na legisla\u00e7\u00e3o trabalhista est\u00e1 prestes a impactar diretamente a rotina dos trabalhadores: a nova regra sobre f\u00e9rias estabelece um prazo m\u00e1ximo de 12 meses para que o empregador conceda o per\u00edodo de descanso anual. A medida visa garantir que os funcion\u00e1rios usufruam suas f\u00e9rias de forma mais organizada e dentro de um per\u00edodo definido.<\/p>\n\n\n\n<p>Al\u00e9m do prazo m\u00e1ximo de 12 meses, a reforma tamb\u00e9m mant\u00e9m a possibilidade de fracionamento das f\u00e9rias, mas com regras mais rigorosas. O primeiro per\u00edodo de descanso deve ter, no m\u00ednimo, 14 dias corridos, enquanto os per\u00edodos subsequentes n\u00e3o podem ser inferiores a cinco dias cada.<\/p>\n\n\n\n<p>A mudan\u00e7a busca equilibrar a necessidade do trabalhador de descansar com o planejamento operacional das empresas, garantindo maior previsibilidade e seguran\u00e7a para ambas as partes. Outra novidade importante \u00e9 que o empregador precisar\u00e1 fornecer uma justificativa formal caso deseje fracionar as f\u00e9rias de maneira diferente da estipulada.<\/p>\n\n\n\n<p>Esse ponto assegura ao trabalhador o direito de recusar o fracionamento fora das regras previstas. A medida refor\u00e7a a prote\u00e7\u00e3o aos direitos do empregado, promovendo mais transpar\u00eancia e previsibilidade no planejamento do per\u00edodo de descanso.<\/p>\n\n\n\n<h2 class=\"wp-block-heading\">Consequ\u00eancias legais e financeiras ao empregador<\/h2>\n\n\n\n<ul class=\"wp-block-list\">\n<li>Multas administrativas: O descumprimento das regras trabalhistas pode gerar penalidades aplicadas pelo Minist\u00e9rio do Trabalho ou \u00f3rg\u00e3os de fiscaliza\u00e7\u00e3o.<\/li>\n<\/ul>\n\n\n\n<ul class=\"wp-block-list\">\n<li>Pagamentos em dobro: Se as f\u00e9rias n\u00e3o forem concedidas dentro do prazo de 12 meses, o empregado tem direito a receber o valor correspondente em dobro, acrescido dos adicionais legais.<\/li>\n<\/ul>\n\n\n\n<ul class=\"wp-block-list\">\n<li>A\u00e7\u00f5es trabalhistas: O trabalhador pode recorrer \u00e0 Justi\u00e7a do Trabalho para exigir o cumprimento da legisla\u00e7\u00e3o, incluindo indeniza\u00e7\u00f5es por danos morais ou materiais, quando aplic\u00e1vel.<\/li>\n<\/ul>\n\n\n\n<ul class=\"wp-block-list\">\n<li>Impacto na rela\u00e7\u00e3o empregador-empregado: O n\u00e3o cumprimento da lei pode gerar desgaste na rela\u00e7\u00e3o de trabalho, afetando clima organizacional e confian\u00e7a.<\/li>\n<\/ul>\n\n\n\n<ul class=\"wp-block-list\">\n<li>Necessidade de regulariza\u00e7\u00e3o imediata: Empresas podem ser obrigadas a reorganizar o calend\u00e1rio de f\u00e9rias e efetuar pagamentos retroativos para se adequar \u00e0 legisla\u00e7\u00e3o.<\/li>\n<\/ul>\n\n\n\n<p><\/p>\n","protected":false},"excerpt":{"rendered":"<p>Uma importante atualiza\u00e7\u00e3o na legisla\u00e7\u00e3o trabalhista est\u00e1 prestes a impactar diretamente a rotina dos trabalhadores: a nova regra sobre f\u00e9rias estabelece um prazo m\u00e1ximo de 12 meses para que o empregador conceda o per\u00edodo de descanso anual. A medida visa garantir que os funcion\u00e1rios usufruam suas f\u00e9rias de forma mais organizada e dentro de um [&hellip;]<\/p>\n","protected":false},"author":4,"featured_media":4343,"comment_status":"open","ping_status":"open","sticky":false,"template":"","format":"standard","meta":{"jnews-multi-image_gallery":[],"jnews_single_post":{"format":"standard"},"jnews_primary_category":[],"jnews_social_meta":[],"jnews_post_split":[],"footnotes":""},"categories":[1],"tags":[],"class_list":["post-4506","post","type-post","status-publish","format-standard","has-post-thumbnail","hentry","category-uncategorized"],"_links":{"self":[{"href":"https:\/\/diariodepernambuco.audiencelabs.com.br\/wp-json\/wp\/v2\/posts\/4506","targetHints":{"allow":["GET"]}}],"collection":[{"href":"https:\/\/diariodepernambuco.audiencelabs.com.br\/wp-json\/wp\/v2\/posts"}],"about":[{"href":"https:\/\/diariodepernambuco.audiencelabs.com.br\/wp-json\/wp\/v2\/types\/post"}],"author":[{"embeddable":true,"href":"https:\/\/diariodepernambuco.audiencelabs.com.br\/wp-json\/wp\/v2\/users\/4"}],"replies":[{"embeddable":true,"href":"https:\/\/diariodepernambuco.audiencelabs.com.br\/wp-json\/wp\/v2\/comments?post=4506"}],"version-history":[{"count":2,"href":"https:\/\/diariodepernambuco.audiencelabs.com.br\/wp-json\/wp\/v2\/posts\/4506\/revisions"}],"predecessor-version":[{"id":4514,"href":"https:\/\/diariodepernambuco.audiencelabs.com.br\/wp-json\/wp\/v2\/posts\/4506\/revisions\/4514"}],"wp:featuredmedia":[{"embeddable":true,"href":"https:\/\/diariodepernambuco.audiencelabs.com.br\/wp-json\/wp\/v2\/media\/4343"}],"wp:attachment":[{"href":"https:\/\/diariodepernambuco.audiencelabs.com.br\/wp-json\/wp\/v2\/media?parent=4506"}],"wp:term":[{"taxonomy":"category","embeddable":true,"href":"https:\/\/diariodepernambuco.audiencelabs.com.br\/wp-json\/wp\/v2\/categories?post=4506"},{"taxonomy":"post_tag","embeddable":true,"href":"https:\/\/diariodepernambuco.audiencelabs.com.br\/wp-json\/wp\/v2\/tags?post=4506"}],"curies":[{"name":"wp","href":"https:\/\/api.w.org\/{rel}","templated":true}]}}