{"id":4520,"date":"2025-09-25T17:30:00","date_gmt":"2025-09-25T20:30:00","guid":{"rendered":"https:\/\/diariodepernambuco.audiencelabs.com.br\/?p=4520"},"modified":"2025-09-24T15:05:04","modified_gmt":"2025-09-24T18:05:04","slug":"mais-um-ex-jogador-brasileiro-famoso-tem-prisao-decretada","status":"publish","type":"post","link":"https:\/\/diariodepernambuco.audiencelabs.com.br\/mais-um-ex-jogador-brasileiro-famoso-tem-prisao-decretada\/","title":{"rendered":"Mais um ex-jogador brasileiro famoso tem pris\u00e3o decretada"},"content":{"rendered":"\n<p>Depois de nomes como Daniel Alves e Robinho estamparem as p\u00e1ginas de jornais ao pararem na pris\u00e3o, o time de ex-jogadores famosos com problemas na Justi\u00e7a ganhou mais um refor\u00e7o nesta semana. O ex-jogador de Gr\u00eamio, Inter e Sele\u00e7\u00e3o Brasileira Anderson Lu\u00eds de Abreu Oliveira, de 37 anos, teve pris\u00e3o decretada na \u00faltima ter\u00e7a-feira (23).<\/p>\n\n\n\n<p>Aposentado dos gramados, Anderson entrou na mira da Justi\u00e7a por falta de pagamento de pens\u00e3o aliment\u00edcia. A d\u00edvida total \u00e9 de R$ 1.030.214,07, de acordo com a 6\u00aa Vara de Fam\u00edlia de Porto Alegre. A pris\u00e3o tem dura\u00e7\u00e3o de 30 dias em regime fechado e o mandado, assinado pela ju\u00edza Son\u00e1li de Cruz Zluhan, tem validade de dois anos.<\/p>\n\n\n\n<p>O advogado J\u00falio Cezar Coitinho Jr., respons\u00e1vel pela defesa do ex-jogador, informou que n\u00e3o vai se manifestar sobre o assunto, devido ao segredo de justi\u00e7a. Em setembro do ano passado, Anderson j\u00e1 havia tido a pris\u00e3o decretada pelo mesmo motivo. Na ocasi\u00e3o, o valor em atraso superava R$ 300 mil.<\/p>\n\n\n\n<p>Foi feito um acordo que previa o pagamento parcelado do montante, e o mandado foi revogado. O ex-meia jogou em clubes europeus como o Porto, de Portugal, e o Manchester United, da Inglaterra. Seu \u00faltimo time foi o Adana Demirspor, da Turquia, em 2021.<\/p>\n\n\n\n<h2 class=\"wp-block-heading\">Outros jogadores famosos que foram parar na pris\u00e3o<\/h2>\n\n\n\n<p><strong>Ronaldinho Ga\u00facho e Roberto de Assis<\/strong> &#8211; Em mar\u00e7o de 2020, Ronaldinho e seu irm\u00e3o foram presos por entrarem no Paraguai com passaportes falsos. Ambos ficaram detidos por 171 dias antes de serem libertados com tornozeleiras eletr\u00f4nicas.<\/p>\n\n\n\n<p><strong>Adriano Imperador<\/strong> &#8211; O ex-atacante brasileiro teve envolvimento com o tr\u00e1fico de drogas e foi preso em 2016 por posse de armas ilegais. Em 2022, foi novamente detido por porte de drogas e armas.<\/p>\n\n\n\n<p><strong>Daniel Alves<\/strong> &#8211; O lateral-direito brasileiro foi preso em janeiro de 2023 acusado de estupro. Em mar\u00e7o de 2024, foi libertado ap\u00f3s decis\u00e3o judicial.<\/p>\n\n\n\n<p><strong>Robinho<\/strong> &#8211; O ex-jogador brasileiro foi condenado em 2024 a nove anos de pris\u00e3o por envolvimento em um caso de estupro coletivo na It\u00e1lia. Atualmente, cumpre pena no pres\u00eddio de Trememb\u00e9.<\/p>\n\n\n\n<p><\/p>\n","protected":false},"excerpt":{"rendered":"<p>Depois de nomes como Daniel Alves e Robinho estamparem as p\u00e1ginas de jornais ao pararem na pris\u00e3o, o time de ex-jogadores famosos com problemas na Justi\u00e7a ganhou mais um refor\u00e7o nesta semana. O ex-jogador de Gr\u00eamio, Inter e Sele\u00e7\u00e3o Brasileira Anderson Lu\u00eds de Abreu Oliveira, de 37 anos, teve pris\u00e3o decretada na \u00faltima ter\u00e7a-feira (23). [&hellip;]<\/p>\n","protected":false},"author":4,"featured_media":4522,"comment_status":"open","ping_status":"open","sticky":false,"template":"","format":"standard","meta":{"jnews-multi-image_gallery":[],"jnews_single_post":{"format":"standard"},"jnews_primary_category":[],"jnews_social_meta":[],"jnews_post_split":[],"footnotes":""},"categories":[1],"tags":[],"class_list":["post-4520","post","type-post","status-publish","format-standard","has-post-thumbnail","hentry","category-uncategorized"],"_links":{"self":[{"href":"https:\/\/diariodepernambuco.audiencelabs.com.br\/wp-json\/wp\/v2\/posts\/4520","targetHints":{"allow":["GET"]}}],"collection":[{"href":"https:\/\/diariodepernambuco.audiencelabs.com.br\/wp-json\/wp\/v2\/posts"}],"about":[{"href":"https:\/\/diariodepernambuco.audiencelabs.com.br\/wp-json\/wp\/v2\/types\/post"}],"author":[{"embeddable":true,"href":"https:\/\/diariodepernambuco.audiencelabs.com.br\/wp-json\/wp\/v2\/users\/4"}],"replies":[{"embeddable":true,"href":"https:\/\/diariodepernambuco.audiencelabs.com.br\/wp-json\/wp\/v2\/comments?post=4520"}],"version-history":[{"count":2,"href":"https:\/\/diariodepernambuco.audiencelabs.com.br\/wp-json\/wp\/v2\/posts\/4520\/revisions"}],"predecessor-version":[{"id":4523,"href":"https:\/\/diariodepernambuco.audiencelabs.com.br\/wp-json\/wp\/v2\/posts\/4520\/revisions\/4523"}],"wp:featuredmedia":[{"embeddable":true,"href":"https:\/\/diariodepernambuco.audiencelabs.com.br\/wp-json\/wp\/v2\/media\/4522"}],"wp:attachment":[{"href":"https:\/\/diariodepernambuco.audiencelabs.com.br\/wp-json\/wp\/v2\/media?parent=4520"}],"wp:term":[{"taxonomy":"category","embeddable":true,"href":"https:\/\/diariodepernambuco.audiencelabs.com.br\/wp-json\/wp\/v2\/categories?post=4520"},{"taxonomy":"post_tag","embeddable":true,"href":"https:\/\/diariodepernambuco.audiencelabs.com.br\/wp-json\/wp\/v2\/tags?post=4520"}],"curies":[{"name":"wp","href":"https:\/\/api.w.org\/{rel}","templated":true}]}}