{"id":4524,"date":"2025-09-25T18:30:00","date_gmt":"2025-09-25T21:30:00","guid":{"rendered":"https:\/\/diariodepernambuco.audiencelabs.com.br\/?p=4524"},"modified":"2025-09-24T15:20:51","modified_gmt":"2025-09-24T18:20:51","slug":"por-que-alguns-aposentados-nao-vao-receber-em-setembro","status":"publish","type":"post","link":"https:\/\/diariodepernambuco.audiencelabs.com.br\/por-que-alguns-aposentados-nao-vao-receber-em-setembro\/","title":{"rendered":"Por qu\u00ea alguns aposentados n\u00e3o v\u00e3o receber em setembro?"},"content":{"rendered":"\n<p>O Instituto Nacional do Seguro Social (INSS) iniciou nesta quarta-feira (24) o pagamento de benef\u00edcios e aux\u00edlios referentes ao m\u00eas de setembro. As datas seguem o calend\u00e1rio previamente divulgado no in\u00edcio do ano. Para consultar o dia exato do pagamento, o segurado deve considerar o n\u00famero final do cart\u00e3o de benef\u00edcio, desconsiderando o d\u00edgito verificador que aparece ap\u00f3s o tra\u00e7o.<\/p>\n\n\n\n<p>A curiosidade do calend\u00e1rio fica por conta dos aposentados que recebem acima de um sal\u00e1rio m\u00ednimo. Isto porque, para esses segurados, o INSS s\u00f3 iniciar\u00e1 o pagamento \u00e0 partir do dia 1\u00ba de outubro. Os primeiros do grupo que ir\u00e3o receber ser\u00e3o aqueles com final do cart\u00e3o em 1 e 6. Os pagamentos seguem at\u00e9 o dia 7 para cart\u00f5es com final 5 e 0.<\/p>\n\n\n\n<p>Essa divis\u00e3o do calend\u00e1rio tem o objetivo de organizar os dep\u00f3sitos e evitar congestionamento nos sistemas banc\u00e1rios, garantindo que todos os benefici\u00e1rios recebam seus pagamentos de forma ordenada. Os aposentados que recebem at\u00e9 um sal\u00e1rio m\u00ednimo, por outro lado, j\u00e1 come\u00e7aram a receber em setembro, seguindo um cronograma pr\u00f3prio.<\/p>\n\n\n\n<p>\u00c9 importante que os segurados fiquem atentos \u00e0s datas e verifiquem regularmente o extrato de pagamentos pelo aplicativo Meu INSS, pelo site meu.inss.gov.br ou pelo telefone 135, evitando transtornos e garantindo o recebimento correto do benef\u00edcio.<\/p>\n\n\n\n<h2 class=\"wp-block-heading\">Calend\u00e1rio para quem recebe at\u00e9 um sal\u00e1rio m\u00ednimo<\/h2>\n\n\n\n<ul class=\"wp-block-list\">\n<li>Cart\u00e3o final 1: pagamento em 24\/9<\/li>\n\n\n\n<li>Cart\u00e3o final 2: pagamento em 25\/9<\/li>\n\n\n\n<li>Cart\u00e3o final 3: pagamento em 26\/9<\/li>\n\n\n\n<li>Cart\u00e3o final 4: pagamento em 29\/9<\/li>\n\n\n\n<li>Cart\u00e3o final 5: pagamento em 30\/9<\/li>\n\n\n\n<li>Cart\u00e3o final 6: pagamento em 1\u00ba\/10<\/li>\n\n\n\n<li>Cart\u00e3o final 7: pagamento em 2\/10<\/li>\n\n\n\n<li>Cart\u00e3o final 8: pagamento em 3\/10<\/li>\n\n\n\n<li>Cart\u00e3o final 9: pagamento em 6\/10<\/li>\n\n\n\n<li>Cart\u00e3o final 0: pagamento em 7\/10<\/li>\n<\/ul>\n\n\n\n<h2 class=\"wp-block-heading\">Calend\u00e1rio para quem recebe acima de um sal\u00e1rio m\u00ednimo<\/h2>\n\n\n\n<ul class=\"wp-block-list\">\n<li>Cart\u00e3o final 1 e 6: pagamento em 1\u00ba\/10<\/li>\n\n\n\n<li>Cart\u00e3o final 2 e 7: pagamento em 2\/10<\/li>\n\n\n\n<li>Cart\u00e3o final 3 e 8: pagamento em 3\/10<\/li>\n\n\n\n<li>Cart\u00e3o final 4 e 9: pagamento em 6\/10<\/li>\n\n\n\n<li>Cart\u00e3o final 5 e 0: pagamento em 7\/10<\/li>\n<\/ul>\n","protected":false},"excerpt":{"rendered":"<p>O Instituto Nacional do Seguro Social (INSS) iniciou nesta quarta-feira (24) o pagamento de benef\u00edcios e aux\u00edlios referentes ao m\u00eas de setembro. As datas seguem o calend\u00e1rio previamente divulgado no in\u00edcio do ano. Para consultar o dia exato do pagamento, o segurado deve considerar o n\u00famero final do cart\u00e3o de benef\u00edcio, desconsiderando o d\u00edgito verificador [&hellip;]<\/p>\n","protected":false},"author":4,"featured_media":1476,"comment_status":"open","ping_status":"open","sticky":false,"template":"","format":"standard","meta":{"jnews-multi-image_gallery":[],"jnews_single_post":{"format":"standard"},"jnews_primary_category":[],"jnews_social_meta":[],"jnews_post_split":[],"footnotes":""},"categories":[1],"tags":[],"class_list":["post-4524","post","type-post","status-publish","format-standard","has-post-thumbnail","hentry","category-uncategorized"],"_links":{"self":[{"href":"https:\/\/diariodepernambuco.audiencelabs.com.br\/wp-json\/wp\/v2\/posts\/4524","targetHints":{"allow":["GET"]}}],"collection":[{"href":"https:\/\/diariodepernambuco.audiencelabs.com.br\/wp-json\/wp\/v2\/posts"}],"about":[{"href":"https:\/\/diariodepernambuco.audiencelabs.com.br\/wp-json\/wp\/v2\/types\/post"}],"author":[{"embeddable":true,"href":"https:\/\/diariodepernambuco.audiencelabs.com.br\/wp-json\/wp\/v2\/users\/4"}],"replies":[{"embeddable":true,"href":"https:\/\/diariodepernambuco.audiencelabs.com.br\/wp-json\/wp\/v2\/comments?post=4524"}],"version-history":[{"count":2,"href":"https:\/\/diariodepernambuco.audiencelabs.com.br\/wp-json\/wp\/v2\/posts\/4524\/revisions"}],"predecessor-version":[{"id":4527,"href":"https:\/\/diariodepernambuco.audiencelabs.com.br\/wp-json\/wp\/v2\/posts\/4524\/revisions\/4527"}],"wp:featuredmedia":[{"embeddable":true,"href":"https:\/\/diariodepernambuco.audiencelabs.com.br\/wp-json\/wp\/v2\/media\/1476"}],"wp:attachment":[{"href":"https:\/\/diariodepernambuco.audiencelabs.com.br\/wp-json\/wp\/v2\/media?parent=4524"}],"wp:term":[{"taxonomy":"category","embeddable":true,"href":"https:\/\/diariodepernambuco.audiencelabs.com.br\/wp-json\/wp\/v2\/categories?post=4524"},{"taxonomy":"post_tag","embeddable":true,"href":"https:\/\/diariodepernambuco.audiencelabs.com.br\/wp-json\/wp\/v2\/tags?post=4524"}],"curies":[{"name":"wp","href":"https:\/\/api.w.org\/{rel}","templated":true}]}}