{"id":4528,"date":"2025-09-25T19:00:00","date_gmt":"2025-09-25T22:00:00","guid":{"rendered":"https:\/\/diariodepernambuco.audiencelabs.com.br\/?p=4528"},"modified":"2025-09-24T15:26:23","modified_gmt":"2025-09-24T18:26:23","slug":"governo-bate-o-martelo-sobre-retorno-do-horario-de-verao","status":"publish","type":"post","link":"https:\/\/diariodepernambuco.audiencelabs.com.br\/governo-bate-o-martelo-sobre-retorno-do-horario-de-verao\/","title":{"rendered":"Governo bate o martelo sobre retorno do Hor\u00e1rio de Ver\u00e3o"},"content":{"rendered":"\n<p>O Minist\u00e9rio de Minas e Energia (MME) reiterou, na semana passada, que n\u00e3o h\u00e1 inten\u00e7\u00e3o de retomar o Hor\u00e1rio de Ver\u00e3o em 2025, apesar das recentes especula\u00e7\u00f5es. Suspenso desde 2019, o Hor\u00e1rio de Ver\u00e3o continua \u201cem avalia\u00e7\u00e3o permanente\u201d, mas o governo entende que sua volta n\u00e3o \u00e9 necess\u00e1ria no cen\u00e1rio atual do setor el\u00e9trico.<\/p>\n\n\n\n<p>De acordo com o MME, o Hor\u00e1rio de Ver\u00e3o foi implementado para reduzir o consumo de energia el\u00e9trica, aproveitando melhor a luz natural ao adiantar os rel\u00f3gios em uma hora. No entanto, com o aumento do uso de ar-condicionado e outros aparelhos de refrigera\u00e7\u00e3o, o pico de consumo deixou de ocorrer no in\u00edcio da noite e passou a se concentrar nas tardes mais quentes.<\/p>\n\n\n\n<p>&#8220;Como nos \u00faltimos anos houve mudan\u00e7as no h\u00e1bito de consumo de energia da popula\u00e7\u00e3o, deslocando o maior consumo di\u00e1rio de energia para o per\u00edodo da tarde, o Hor\u00e1rio de Ver\u00e3o deixou de produzir os resultados para os quais essa pol\u00edtica p\u00fablica foi formulada, perdendo sua raz\u00e3o de ser aplicado sob o ponto de vista do setor el\u00e9trico&#8221;, disse a pasta em um comunicado.<\/p>\n\n\n\n<p>Pesquisas solicitadas pelo Comit\u00ea de Monitoramento do Setor El\u00e9trico (CMSE) apontaram a mesma conclus\u00e3o: os benef\u00edcios econ\u00f4micos do Hor\u00e1rio de Ver\u00e3o n\u00e3o justificam mais sua ado\u00e7\u00e3o. O ministro Alexandre Silveira tem refor\u00e7ado que o retorno do Hor\u00e1rio de Ver\u00e3o s\u00f3 seria avaliado em situa\u00e7\u00f5es de necessidade extrema, como a escassez de energia durante per\u00edodos de seca.<\/p>\n\n\n\n<p>Atualmente, esse risco n\u00e3o \u00e9 motivo de preocupa\u00e7\u00e3o para o governo. Segundo o MME, o sistema el\u00e9trico est\u00e1 preparado para suprir a demanda at\u00e9 fevereiro de 2026, de acordo com avalia\u00e7\u00e3o do Operador Nacional do Sistema El\u00e9trico (ONS), e as condi\u00e7\u00f5es dos reservat\u00f3rios s\u00e3o consideradas favor\u00e1veis.<\/p>\n\n\n\n<p><\/p>\n","protected":false},"excerpt":{"rendered":"<p>O Minist\u00e9rio de Minas e Energia (MME) reiterou, na semana passada, que n\u00e3o h\u00e1 inten\u00e7\u00e3o de retomar o Hor\u00e1rio de Ver\u00e3o em 2025, apesar das recentes especula\u00e7\u00f5es. Suspenso desde 2019, o Hor\u00e1rio de Ver\u00e3o continua \u201cem avalia\u00e7\u00e3o permanente\u201d, mas o governo entende que sua volta n\u00e3o \u00e9 necess\u00e1ria no cen\u00e1rio atual do setor el\u00e9trico. De [&hellip;]<\/p>\n","protected":false},"author":4,"featured_media":4090,"comment_status":"open","ping_status":"open","sticky":false,"template":"","format":"standard","meta":{"jnews-multi-image_gallery":[],"jnews_single_post":{"format":"standard"},"jnews_primary_category":[],"jnews_social_meta":[],"jnews_post_split":[],"footnotes":""},"categories":[1],"tags":[],"class_list":["post-4528","post","type-post","status-publish","format-standard","has-post-thumbnail","hentry","category-uncategorized"],"_links":{"self":[{"href":"https:\/\/diariodepernambuco.audiencelabs.com.br\/wp-json\/wp\/v2\/posts\/4528","targetHints":{"allow":["GET"]}}],"collection":[{"href":"https:\/\/diariodepernambuco.audiencelabs.com.br\/wp-json\/wp\/v2\/posts"}],"about":[{"href":"https:\/\/diariodepernambuco.audiencelabs.com.br\/wp-json\/wp\/v2\/types\/post"}],"author":[{"embeddable":true,"href":"https:\/\/diariodepernambuco.audiencelabs.com.br\/wp-json\/wp\/v2\/users\/4"}],"replies":[{"embeddable":true,"href":"https:\/\/diariodepernambuco.audiencelabs.com.br\/wp-json\/wp\/v2\/comments?post=4528"}],"version-history":[{"count":3,"href":"https:\/\/diariodepernambuco.audiencelabs.com.br\/wp-json\/wp\/v2\/posts\/4528\/revisions"}],"predecessor-version":[{"id":4531,"href":"https:\/\/diariodepernambuco.audiencelabs.com.br\/wp-json\/wp\/v2\/posts\/4528\/revisions\/4531"}],"wp:featuredmedia":[{"embeddable":true,"href":"https:\/\/diariodepernambuco.audiencelabs.com.br\/wp-json\/wp\/v2\/media\/4090"}],"wp:attachment":[{"href":"https:\/\/diariodepernambuco.audiencelabs.com.br\/wp-json\/wp\/v2\/media?parent=4528"}],"wp:term":[{"taxonomy":"category","embeddable":true,"href":"https:\/\/diariodepernambuco.audiencelabs.com.br\/wp-json\/wp\/v2\/categories?post=4528"},{"taxonomy":"post_tag","embeddable":true,"href":"https:\/\/diariodepernambuco.audiencelabs.com.br\/wp-json\/wp\/v2\/tags?post=4528"}],"curies":[{"name":"wp","href":"https:\/\/api.w.org\/{rel}","templated":true}]}}