{"id":4538,"date":"2025-09-27T18:48:00","date_gmt":"2025-09-27T21:48:00","guid":{"rendered":"https:\/\/diariodepernambuco.audiencelabs.com.br\/?p=4538"},"modified":"2025-09-25T19:13:45","modified_gmt":"2025-09-25T22:13:45","slug":"rede-de-supermercados-luta-contra-falencia-esta-quase-fechando-as-portas","status":"publish","type":"post","link":"https:\/\/diariodepernambuco.audiencelabs.com.br\/rede-de-supermercados-luta-contra-falencia-esta-quase-fechando-as-portas\/","title":{"rendered":"Rede de supermercados luta contra fal\u00eancia: est\u00e1 quase fechando as portas"},"content":{"rendered":"\n<p>O Supermercado Degrau, tamb\u00e9m conhecido como Supermercado Brasil, uma das redes mais tradicionais do Vale do A\u00e7o, entrou com pedido de recupera\u00e7\u00e3o judicial na 2\u00aa Vara C\u00edvel da Comarca de Tim\u00f3teo. Com valor de causa de R$ 62.237.055,09, a a\u00e7\u00e3o visa reorganizar as d\u00edvidas, superar a crise econ\u00f4mico-financeira e assegurar a continuidade das atividades.<\/p>\n\n\n\n<p>Fundado h\u00e1 mais de quatro d\u00e9cadas, o Supermercado Brasil construiu uma reputa\u00e7\u00e3o s\u00f3lida pautada na \u201ctradi\u00e7\u00e3o, credibilidade e proximidade com a comunidade local\u201d, conforme a peti\u00e7\u00e3o inicial. Ao longo de sua hist\u00f3ria, a rede gerou centenas de empregos e desempenhou papel significativo na economia regional, consolidando-se como um patrim\u00f4nio familiar de grande relev\u00e2ncia.<\/p>\n\n\n\n<p>O pedido de recupera\u00e7\u00e3o judicial decorre da combina\u00e7\u00e3o de diversos fatores:<\/p>\n\n\n\n<ul class=\"wp-block-list\">\n<li>Plano de expans\u00e3o de 2019: a empresa levantou recursos no mercado financeiro com juros baixos, mas o cen\u00e1rio mudou de forma dr\u00e1stica.<\/li>\n<\/ul>\n\n\n\n<ul class=\"wp-block-list\">\n<li>Cen\u00e1rio macroecon\u00f4mico: a taxa Selic subiu de cerca de 2% para aproximadamente 15% ao ano, aumentando significativamente o custo da d\u00edvida p\u00f3s-fixada.<\/li>\n<\/ul>\n\n\n\n<ul class=\"wp-block-list\">\n<li>Impactos da pandemia: em 2020, o crescimento inicial das vendas foi acompanhado por um aumento nos custos operacionais, com insumos, log\u00edstica e despesas sanit\u00e1rias pressionando as margens de lucro.<\/li>\n<\/ul>\n\n\n\n<ul class=\"wp-block-list\">\n<li>Concorr\u00eancia acirrada: a entrada de grandes redes como Assa\u00ed, Mart Minas, Coelho Diniz e Supermercados BH intensificou a \u201cguerra de pre\u00e7os\u201d, afetando as margens e diminuindo as vendas da empresa local.<\/li>\n<\/ul>\n\n\n\n<p>Embora o faturamento tenha mais que dobrado nos \u00faltimos anos \u2014 passando de R$ 97 milh\u00f5es para R$ 202 milh\u00f5es \u2014, o aumento das despesas operacionais e financeiras comprometeu a sa\u00fade financeira da empresa. Um ponto cr\u00edtico \u00e9 a cess\u00e3o fiduci\u00e1ria de receb\u00edveis de cart\u00f5es, que ret\u00e9m automaticamente parte do caixa, limitando a gest\u00e3o dos recursos e pressionando o capital de giro.<\/p>\n\n\n\n<p>Mesmo assim, o resultado operacional, antes das despesas financeiras, continua positivo, indicando que a atividade principal permanece vi\u00e1vel. Por meio da recupera\u00e7\u00e3o judicial, a rede busca reorganizar seu passivo e implementar medidas de efici\u00eancia, visando preservar empregos e manter o atendimento \u00e0 comunidade.<\/p>\n\n\n\n<p><\/p>\n","protected":false},"excerpt":{"rendered":"<p>O Supermercado Degrau, tamb\u00e9m conhecido como Supermercado Brasil, uma das redes mais tradicionais do Vale do A\u00e7o, entrou com pedido de recupera\u00e7\u00e3o judicial na 2\u00aa Vara C\u00edvel da Comarca de Tim\u00f3teo. Com valor de causa de R$ 62.237.055,09, a a\u00e7\u00e3o visa reorganizar as d\u00edvidas, superar a crise econ\u00f4mico-financeira e assegurar a continuidade das atividades. Fundado [&hellip;]<\/p>\n","protected":false},"author":4,"featured_media":1921,"comment_status":"open","ping_status":"open","sticky":false,"template":"","format":"standard","meta":{"jnews-multi-image_gallery":[],"jnews_single_post":{"format":"standard"},"jnews_primary_category":[],"jnews_social_meta":[],"jnews_post_split":[],"footnotes":""},"categories":[1],"tags":[],"class_list":["post-4538","post","type-post","status-publish","format-standard","has-post-thumbnail","hentry","category-uncategorized"],"_links":{"self":[{"href":"https:\/\/diariodepernambuco.audiencelabs.com.br\/wp-json\/wp\/v2\/posts\/4538","targetHints":{"allow":["GET"]}}],"collection":[{"href":"https:\/\/diariodepernambuco.audiencelabs.com.br\/wp-json\/wp\/v2\/posts"}],"about":[{"href":"https:\/\/diariodepernambuco.audiencelabs.com.br\/wp-json\/wp\/v2\/types\/post"}],"author":[{"embeddable":true,"href":"https:\/\/diariodepernambuco.audiencelabs.com.br\/wp-json\/wp\/v2\/users\/4"}],"replies":[{"embeddable":true,"href":"https:\/\/diariodepernambuco.audiencelabs.com.br\/wp-json\/wp\/v2\/comments?post=4538"}],"version-history":[{"count":2,"href":"https:\/\/diariodepernambuco.audiencelabs.com.br\/wp-json\/wp\/v2\/posts\/4538\/revisions"}],"predecessor-version":[{"id":4540,"href":"https:\/\/diariodepernambuco.audiencelabs.com.br\/wp-json\/wp\/v2\/posts\/4538\/revisions\/4540"}],"wp:featuredmedia":[{"embeddable":true,"href":"https:\/\/diariodepernambuco.audiencelabs.com.br\/wp-json\/wp\/v2\/media\/1921"}],"wp:attachment":[{"href":"https:\/\/diariodepernambuco.audiencelabs.com.br\/wp-json\/wp\/v2\/media?parent=4538"}],"wp:term":[{"taxonomy":"category","embeddable":true,"href":"https:\/\/diariodepernambuco.audiencelabs.com.br\/wp-json\/wp\/v2\/categories?post=4538"},{"taxonomy":"post_tag","embeddable":true,"href":"https:\/\/diariodepernambuco.audiencelabs.com.br\/wp-json\/wp\/v2\/tags?post=4538"}],"curies":[{"name":"wp","href":"https:\/\/api.w.org\/{rel}","templated":true}]}}