{"id":4562,"date":"2025-09-28T07:11:00","date_gmt":"2025-09-28T10:11:00","guid":{"rendered":"https:\/\/diariodepernambuco.audiencelabs.com.br\/?p=4562"},"modified":"2025-09-24T19:13:47","modified_gmt":"2025-09-24T22:13:47","slug":"venda-de-cafe-torrado-foi-proibida-no-brasil","status":"publish","type":"post","link":"https:\/\/diariodepernambuco.audiencelabs.com.br\/venda-de-cafe-torrado-foi-proibida-no-brasil\/","title":{"rendered":"Venda de caf\u00e9 torrado foi proibida no Brasil"},"content":{"rendered":"\n<p>A Ag\u00eancia Nacional de Vigil\u00e2ncia Sanit\u00e1ria (Anvisa) determinou a apreens\u00e3o de todos os lotes de caf\u00e9 torrado e mo\u00eddo, nas vers\u00f5es extraforte e tradicional, da marca C\u00e2mara, de origem desconhecida. Al\u00e9m disso, proibiu sua fabrica\u00e7\u00e3o, distribui\u00e7\u00e3o, comercializa\u00e7\u00e3o, propaganda e consumo.<\/p>\n\n\n\n<p>Segundo nota da Anvisa, a decis\u00e3o foi motivada ap\u00f3s portaria da Subsecretaria de Vigil\u00e2ncia e Aten\u00e7\u00e3o Prim\u00e1ria \u00e0 Sa\u00fade do Rio de Janeiro constatar a origem irregular do produto. A ag\u00eancia destacou ainda que as empresas citadas como fabricantes nas embalagens n\u00e3o possuem registro ou regulariza\u00e7\u00e3o v\u00e1lida.<\/p>\n\n\n\n<p>Conforme o comunicado, um laudo de an\u00e1lise do Laborat\u00f3rio Central de Sa\u00fade P\u00fablica Noel Nutels, no Rio de Janeiro, identificou fragmentos de corpo estranho, semelhantes a vidro, no lote n\u00ba 160229 do caf\u00e9. A Anvisa refor\u00e7ou que todos os lotes e unidades do produto est\u00e3o proibidos.<\/p>\n\n\n\n<p>Outros itens tamb\u00e9m foram alvo da medida. A Anvisa determinou o recolhimento de todos os alimentos, incluindo suplementos, produzidos pela empresa Axis Nutrition Ind\u00fastria e Com\u00e9rcio de Alimentos Ltda. Al\u00e9m disso, foram suspensas a fabrica\u00e7\u00e3o, a distribui\u00e7\u00e3o, a comercializa\u00e7\u00e3o, a propaganda e o uso desses produtos.<\/p>\n\n\n\n<p>De acordo com a ag\u00eancia, a decis\u00e3o ocorreu ap\u00f3s uma inspe\u00e7\u00e3o sanit\u00e1ria realizada entre 15 e 17 de setembro, que identificou falhas graves no cumprimento das boas pr\u00e1ticas de fabrica\u00e7\u00e3o por parte da empresa.<\/p>\n\n\n\n<h2 class=\"wp-block-heading\">Qual o papel da Anvisa?<\/h2>\n\n\n\n<p>A Anvisa (Ag\u00eancia Nacional de Vigil\u00e2ncia Sanit\u00e1ria) \u00e9 um \u00f3rg\u00e3o regulador vinculado ao Minist\u00e9rio da Sa\u00fade e tem como papel central proteger e promover a sa\u00fade da popula\u00e7\u00e3o brasileira. <strong>Suas fun\u00e7\u00f5es principais incluem:<\/strong><\/p>\n\n\n\n<ul class=\"wp-block-list\">\n<li>Regular e fiscalizar produtos e servi\u00e7os que possam impactar a sa\u00fade, como alimentos, medicamentos, vacinas, cosm\u00e9ticos, saneantes, agrot\u00f3xicos, cigarros, sangue e hemoderivados.<\/li>\n<\/ul>\n\n\n\n<ul class=\"wp-block-list\">\n<li>Controlar a produ\u00e7\u00e3o, importa\u00e7\u00e3o, comercializa\u00e7\u00e3o e uso desses produtos, garantindo qualidade, seguran\u00e7a e efic\u00e1cia.<\/li>\n<\/ul>\n\n\n\n<ul class=\"wp-block-list\">\n<li>Atuar na vigil\u00e2ncia sanit\u00e1ria de portos, aeroportos e fronteiras, prevenindo a entrada e dissemina\u00e7\u00e3o de riscos sanit\u00e1rios no pa\u00eds.<\/li>\n<\/ul>\n\n\n\n<ul class=\"wp-block-list\">\n<li>Estabelecer normas e padr\u00f5es t\u00e9cnicos, como rotulagem de alimentos, bulas de medicamentos e crit\u00e9rios de boas pr\u00e1ticas de fabrica\u00e7\u00e3o.<\/li>\n<\/ul>\n\n\n\n<ul class=\"wp-block-list\">\n<li>Realizar inspe\u00e7\u00f5es e aplicar san\u00e7\u00f5es em casos de irregularidades, podendo suspender produtos, interditar f\u00e1bricas e determinar recolhimentos.<\/li>\n<\/ul>\n\n\n\n<p><\/p>\n","protected":false},"excerpt":{"rendered":"<p>A Ag\u00eancia Nacional de Vigil\u00e2ncia Sanit\u00e1ria (Anvisa) determinou a apreens\u00e3o de todos os lotes de caf\u00e9 torrado e mo\u00eddo, nas vers\u00f5es extraforte e tradicional, da marca C\u00e2mara, de origem desconhecida. Al\u00e9m disso, proibiu sua fabrica\u00e7\u00e3o, distribui\u00e7\u00e3o, comercializa\u00e7\u00e3o, propaganda e consumo. Segundo nota da Anvisa, a decis\u00e3o foi motivada ap\u00f3s portaria da Subsecretaria de Vigil\u00e2ncia e [&hellip;]<\/p>\n","protected":false},"author":4,"featured_media":538,"comment_status":"open","ping_status":"open","sticky":false,"template":"","format":"standard","meta":{"jnews-multi-image_gallery":[],"jnews_single_post":[],"jnews_primary_category":[],"jnews_social_meta":[],"jnews_post_split":[],"footnotes":""},"categories":[1],"tags":[],"class_list":["post-4562","post","type-post","status-publish","format-standard","has-post-thumbnail","hentry","category-uncategorized"],"_links":{"self":[{"href":"https:\/\/diariodepernambuco.audiencelabs.com.br\/wp-json\/wp\/v2\/posts\/4562","targetHints":{"allow":["GET"]}}],"collection":[{"href":"https:\/\/diariodepernambuco.audiencelabs.com.br\/wp-json\/wp\/v2\/posts"}],"about":[{"href":"https:\/\/diariodepernambuco.audiencelabs.com.br\/wp-json\/wp\/v2\/types\/post"}],"author":[{"embeddable":true,"href":"https:\/\/diariodepernambuco.audiencelabs.com.br\/wp-json\/wp\/v2\/users\/4"}],"replies":[{"embeddable":true,"href":"https:\/\/diariodepernambuco.audiencelabs.com.br\/wp-json\/wp\/v2\/comments?post=4562"}],"version-history":[{"count":2,"href":"https:\/\/diariodepernambuco.audiencelabs.com.br\/wp-json\/wp\/v2\/posts\/4562\/revisions"}],"predecessor-version":[{"id":4564,"href":"https:\/\/diariodepernambuco.audiencelabs.com.br\/wp-json\/wp\/v2\/posts\/4562\/revisions\/4564"}],"wp:featuredmedia":[{"embeddable":true,"href":"https:\/\/diariodepernambuco.audiencelabs.com.br\/wp-json\/wp\/v2\/media\/538"}],"wp:attachment":[{"href":"https:\/\/diariodepernambuco.audiencelabs.com.br\/wp-json\/wp\/v2\/media?parent=4562"}],"wp:term":[{"taxonomy":"category","embeddable":true,"href":"https:\/\/diariodepernambuco.audiencelabs.com.br\/wp-json\/wp\/v2\/categories?post=4562"},{"taxonomy":"post_tag","embeddable":true,"href":"https:\/\/diariodepernambuco.audiencelabs.com.br\/wp-json\/wp\/v2\/tags?post=4562"}],"curies":[{"name":"wp","href":"https:\/\/api.w.org\/{rel}","templated":true}]}}