{"id":4569,"date":"2025-09-25T08:00:00","date_gmt":"2025-09-25T11:00:00","guid":{"rendered":"https:\/\/diariodepernambuco.audiencelabs.com.br\/?p=4569"},"modified":"2025-09-24T19:52:59","modified_gmt":"2025-09-24T22:52:59","slug":"lula-manda-recado-para-trump-vai-me-tratar-com-respeito","status":"publish","type":"post","link":"https:\/\/diariodepernambuco.audiencelabs.com.br\/lula-manda-recado-para-trump-vai-me-tratar-com-respeito\/","title":{"rendered":"Lula manda recado para Trump: &#8216;vai me tratar com respeito&#8217;"},"content":{"rendered":"\n<p>O presidente Luiz In\u00e1cio Lula da Silva afirmou nesta quarta-feira (24) que, em um eventual encontro com o presidente dos Estados Unidos, Donald Trump, ambos manter\u00e3o uma rela\u00e7\u00e3o de respeito. \u201cSomos dois homens de 80 anos\u201d, declarou. A fala ocorreu durante entrevista coletiva na sede da Organiza\u00e7\u00e3o das Na\u00e7\u00f5es Unidas (ONU), em Nova York.<\/p>\n\n\n\n<p>No discurso feito na Assembleia nesta ter\u00e7a-feira, Trump afirmou ter tido um breve encontro com Lula nos bastidores e disse ter sentido \u201cboa qu\u00edmica\u201d entre eles, acrescentando que uma conversa mais longa pode acontecer j\u00e1 na pr\u00f3xima semana.<\/p>\n\n\n\n<p>Na coletiva desta quarta, uma jornalista questionou Lula se ele teme ser alvo de algum constrangimento em uma eventual reuni\u00e3o no Sal\u00e3o Oval, a exemplo do que ocorreu quando Trump recebeu os presidentes Volodymyr Zelensky (Ucr\u00e2nia) e Cyril Ramaphosa (\u00c1frica do Sul).<\/p>\n\n\n\n<p>Sem ficar em cima do muro, Lula respondeu com firmeza: &#8220;O Trump faz 80 anos em junho do ano que vem. Eu fa\u00e7o em outubro deste ano. Portanto, sou mais velho do que ele. Somos dois homens de 80 anos e n\u00e3o tem que ter brincadeira [\u2026] Acho que vamos conversar como dois seres humanos civilizados, n\u00e3o tem espa\u00e7o para brincadeiras&#8221;.<\/p>\n\n\n\n<p>O presidente declarou que respeitar\u00e1 Trump como presidente dos EUA e espera ser igualmente respeitado como presidente do Brasil. Durante a coletiva, Lula ainda comentou que realmente houve \u201cuma qu\u00edmica\u201d entre os dois.<\/p>\n\n\n\n<h2 class=\"wp-block-heading\">\u00daltimas intera\u00e7\u00f5es entre Lula e Trump na ONU<\/h2>\n\n\n\n<p><strong>Trump (EUA):<\/strong><\/p>\n\n\n\n<ul class=\"wp-block-list\">\n<li>Mencionou o breve encontro com Lula nos bastidores da Assembleia.<\/li>\n\n\n\n<li>Declarou ter sentido boa qu\u00edmica com o presidente brasileiro.<\/li>\n\n\n\n<li>Sinalizou a possibilidade de uma conversa mais longa na semana seguinte.<\/li>\n<\/ul>\n\n\n\n<p><strong>Lula (Brasil):<\/strong><\/p>\n\n\n\n<ul class=\"wp-block-list\">\n<li>Enfatizou a necessidade de di\u00e1logo e respeito entre l\u00edderes.<\/li>\n\n\n\n<li>Destacou que um poss\u00edvel encontro com Trump ser\u00e1 pautado pelo respeito m\u00fatuo.<\/li>\n\n\n\n<li>Comentou de forma descontra\u00edda a \u201cqu\u00edmica\u201d percebida entre ele e Trump durante o breve encontro nos bastidores.<\/li>\n<\/ul>\n\n\n\n<p><\/p>\n","protected":false},"excerpt":{"rendered":"<p>O presidente Luiz In\u00e1cio Lula da Silva afirmou nesta quarta-feira (24) que, em um eventual encontro com o presidente dos Estados Unidos, Donald Trump, ambos manter\u00e3o uma rela\u00e7\u00e3o de respeito. \u201cSomos dois homens de 80 anos\u201d, declarou. A fala ocorreu durante entrevista coletiva na sede da Organiza\u00e7\u00e3o das Na\u00e7\u00f5es Unidas (ONU), em Nova York. No [&hellip;]<\/p>\n","protected":false},"author":4,"featured_media":1032,"comment_status":"open","ping_status":"open","sticky":false,"template":"","format":"standard","meta":{"jnews-multi-image_gallery":[],"jnews_single_post":[],"jnews_primary_category":[],"jnews_social_meta":[],"jnews_post_split":[],"footnotes":""},"categories":[1],"tags":[],"class_list":["post-4569","post","type-post","status-publish","format-standard","has-post-thumbnail","hentry","category-uncategorized"],"_links":{"self":[{"href":"https:\/\/diariodepernambuco.audiencelabs.com.br\/wp-json\/wp\/v2\/posts\/4569","targetHints":{"allow":["GET"]}}],"collection":[{"href":"https:\/\/diariodepernambuco.audiencelabs.com.br\/wp-json\/wp\/v2\/posts"}],"about":[{"href":"https:\/\/diariodepernambuco.audiencelabs.com.br\/wp-json\/wp\/v2\/types\/post"}],"author":[{"embeddable":true,"href":"https:\/\/diariodepernambuco.audiencelabs.com.br\/wp-json\/wp\/v2\/users\/4"}],"replies":[{"embeddable":true,"href":"https:\/\/diariodepernambuco.audiencelabs.com.br\/wp-json\/wp\/v2\/comments?post=4569"}],"version-history":[{"count":3,"href":"https:\/\/diariodepernambuco.audiencelabs.com.br\/wp-json\/wp\/v2\/posts\/4569\/revisions"}],"predecessor-version":[{"id":4572,"href":"https:\/\/diariodepernambuco.audiencelabs.com.br\/wp-json\/wp\/v2\/posts\/4569\/revisions\/4572"}],"wp:featuredmedia":[{"embeddable":true,"href":"https:\/\/diariodepernambuco.audiencelabs.com.br\/wp-json\/wp\/v2\/media\/1032"}],"wp:attachment":[{"href":"https:\/\/diariodepernambuco.audiencelabs.com.br\/wp-json\/wp\/v2\/media?parent=4569"}],"wp:term":[{"taxonomy":"category","embeddable":true,"href":"https:\/\/diariodepernambuco.audiencelabs.com.br\/wp-json\/wp\/v2\/categories?post=4569"},{"taxonomy":"post_tag","embeddable":true,"href":"https:\/\/diariodepernambuco.audiencelabs.com.br\/wp-json\/wp\/v2\/tags?post=4569"}],"curies":[{"name":"wp","href":"https:\/\/api.w.org\/{rel}","templated":true}]}}