{"id":4577,"date":"2025-09-27T12:30:00","date_gmt":"2025-09-27T15:30:00","guid":{"rendered":"https:\/\/diariodepernambuco.audiencelabs.com.br\/?p=4577"},"modified":"2025-09-24T20:19:07","modified_gmt":"2025-09-24T23:19:07","slug":"novidade-meis-agora-podem-pagar-das-no-credito","status":"publish","type":"post","link":"https:\/\/diariodepernambuco.audiencelabs.com.br\/novidade-meis-agora-podem-pagar-das-no-credito\/","title":{"rendered":"Novidade: MEIs agora podem pagar DAS no cr\u00e9dito"},"content":{"rendered":"\n<p>A Receita Federal informou na \u00faltima quarta-feira (17) que os Microempreendedores Individuais (MEI) agora podem quitar o Documento de Arrecada\u00e7\u00e3o do Simples Nacional (DAS) usando cart\u00e3o de cr\u00e9dito. Antes, o pagamento estava dispon\u00edvel apenas via boleto, PIX ou d\u00e9bito autom\u00e1tico. A novidade vale para o DAS mensal, o DAS Cobran\u00e7a e o DAS de Excesso de Receita.<\/p>\n\n\n\n<p>De acordo com a Receita Federal, a medida oferece mais praticidade e flexibilidade para os MEIs que querem manter suas obriga\u00e7\u00f5es fiscais em dia, assegurando os benef\u00edcios previdenci\u00e1rios e a regularidade do neg\u00f3cio. O recurso pode ser acessado na op\u00e7\u00e3o \u201cPagar Online\u201d e amplia as formas de pagamento dispon\u00edveis aos empreendedores.<\/p>\n\n\n\n<p>O pagamento do DAS permite que o microempreendedor individual mantenha suas contribui\u00e7\u00f5es previdenci\u00e1rias e impostos em dia. De acordo com o Sebrae, \u00e9 por meio do recolhimento regular do DAS que o MEI garante acesso aos benef\u00edcios do INSS, incluindo aposentadoria por idade ou invalidez, aux\u00edlio-doen\u00e7a, aux\u00edlio-reclus\u00e3o, pens\u00e3o por morte e sal\u00e1rio-maternidade.<\/p>\n\n\n\n<p>O DAS vence todo dia 20 de cada m\u00eas. Ele pode ser emitido diretamente no Portal do Simples Nacional ou pelo App MEI, dispon\u00edvel para iOS e Android. \u00c9 importante lembrar que, ao optar pelo cart\u00e3o de cr\u00e9dito, podem ser cobrados juros ou taxas de administra\u00e7\u00e3o, que variam conforme a operadora do cart\u00e3o. Ainda assim, a alternativa \u00e9 pr\u00e1tica para quem precisa de mais flexibilidade.<\/p>\n\n\n\n<h2 class=\"wp-block-heading\">Quais direitos o pagamento do DAS garante ao MEI<\/h2>\n\n\n\n<p>O pagamento regular do Documento de Arrecada\u00e7\u00e3o do Simples Nacional (DAS) garante ao Microempreendedor Individual (MEI) diversos direitos, especialmente relacionados \u00e0 previd\u00eancia e prote\u00e7\u00e3o social. Entre os principais est\u00e3o:<\/p>\n\n\n\n<p><strong>Acesso aos benef\u00edcios do INSS, incluindo:<\/strong><\/p>\n\n\n\n<ul class=\"wp-block-list\">\n<li>Aposentadoria por idade<\/li>\n\n\n\n<li>Aposentadoria por invalidez<\/li>\n\n\n\n<li>Aux\u00edlio-doen\u00e7a<\/li>\n\n\n\n<li>Aux\u00edlio-reclus\u00e3o<\/li>\n\n\n\n<li>Pens\u00e3o por morte<\/li>\n\n\n\n<li>Sal\u00e1rio-maternidade<\/li>\n<\/ul>\n\n\n\n<p><strong>Regularidade fiscal do neg\u00f3cio, permitindo:<\/strong><\/p>\n\n\n\n<ul class=\"wp-block-list\">\n<li>Participar de licita\u00e7\u00f5es p\u00fablicas e privadas<\/li>\n\n\n\n<li>Emitir notas fiscais legalmente<\/li>\n\n\n\n<li>Evitar multas, juros ou penalidades por atraso nos pagamentos<\/li>\n<\/ul>\n\n\n\n<p><\/p>\n","protected":false},"excerpt":{"rendered":"<p>A Receita Federal informou na \u00faltima quarta-feira (17) que os Microempreendedores Individuais (MEI) agora podem quitar o Documento de Arrecada\u00e7\u00e3o do Simples Nacional (DAS) usando cart\u00e3o de cr\u00e9dito. Antes, o pagamento estava dispon\u00edvel apenas via boleto, PIX ou d\u00e9bito autom\u00e1tico. A novidade vale para o DAS mensal, o DAS Cobran\u00e7a e o DAS de Excesso [&hellip;]<\/p>\n","protected":false},"author":4,"featured_media":3794,"comment_status":"open","ping_status":"open","sticky":false,"template":"","format":"standard","meta":{"jnews-multi-image_gallery":[],"jnews_single_post":{"format":"standard"},"jnews_primary_category":[],"jnews_social_meta":[],"jnews_post_split":[],"footnotes":""},"categories":[1],"tags":[],"class_list":["post-4577","post","type-post","status-publish","format-standard","has-post-thumbnail","hentry","category-uncategorized"],"_links":{"self":[{"href":"https:\/\/diariodepernambuco.audiencelabs.com.br\/wp-json\/wp\/v2\/posts\/4577","targetHints":{"allow":["GET"]}}],"collection":[{"href":"https:\/\/diariodepernambuco.audiencelabs.com.br\/wp-json\/wp\/v2\/posts"}],"about":[{"href":"https:\/\/diariodepernambuco.audiencelabs.com.br\/wp-json\/wp\/v2\/types\/post"}],"author":[{"embeddable":true,"href":"https:\/\/diariodepernambuco.audiencelabs.com.br\/wp-json\/wp\/v2\/users\/4"}],"replies":[{"embeddable":true,"href":"https:\/\/diariodepernambuco.audiencelabs.com.br\/wp-json\/wp\/v2\/comments?post=4577"}],"version-history":[{"count":2,"href":"https:\/\/diariodepernambuco.audiencelabs.com.br\/wp-json\/wp\/v2\/posts\/4577\/revisions"}],"predecessor-version":[{"id":4582,"href":"https:\/\/diariodepernambuco.audiencelabs.com.br\/wp-json\/wp\/v2\/posts\/4577\/revisions\/4582"}],"wp:featuredmedia":[{"embeddable":true,"href":"https:\/\/diariodepernambuco.audiencelabs.com.br\/wp-json\/wp\/v2\/media\/3794"}],"wp:attachment":[{"href":"https:\/\/diariodepernambuco.audiencelabs.com.br\/wp-json\/wp\/v2\/media?parent=4577"}],"wp:term":[{"taxonomy":"category","embeddable":true,"href":"https:\/\/diariodepernambuco.audiencelabs.com.br\/wp-json\/wp\/v2\/categories?post=4577"},{"taxonomy":"post_tag","embeddable":true,"href":"https:\/\/diariodepernambuco.audiencelabs.com.br\/wp-json\/wp\/v2\/tags?post=4577"}],"curies":[{"name":"wp","href":"https:\/\/api.w.org\/{rel}","templated":true}]}}