{"id":4583,"date":"2025-09-28T10:30:00","date_gmt":"2025-09-28T13:30:00","guid":{"rendered":"https:\/\/diariodepernambuco.audiencelabs.com.br\/?p=4583"},"modified":"2025-09-24T22:14:03","modified_gmt":"2025-09-25T01:14:03","slug":"premiacao-da-bola-de-ouro-irritou-neymar","status":"publish","type":"post","link":"https:\/\/diariodepernambuco.audiencelabs.com.br\/premiacao-da-bola-de-ouro-irritou-neymar\/","title":{"rendered":"Neymar irritado nas redes sociais: saiba o por qu\u00ea"},"content":{"rendered":"\n<p>Neymar teve constatada uma les\u00e3o no m\u00fasculo reto femoral da coxa direita e s\u00f3 dever\u00e1 retornar \u00e0 campo na reta final do Campeonato Brasileiro. Fora de combate, o astro do Santos movimentou as redes sociais ao reclamar da posi\u00e7\u00e3o de Raphinha, do Barcelona, na disputa pela Bola de Ouro, pr\u00eamio dado pela revista France Football.<\/p>\n\n\n\n<p>Um dos mais cotados para levar o trof\u00e9u pelos \u00f3timos n\u00fameros conquistados na \u00faltima temporada europeia (34 gols e 25 assist\u00eancias em 54 jogos), Raphinha ficou apenas na quinta coloca\u00e7\u00e3o. O atacante do Barcelona ficou atr\u00e1s de Salah, do Liverpool, Vitinha, do Paris Saint-Germain, Yamal, tamb\u00e9m do Barcelona, e do vencedor Demb\u00e9l\u00e9.<\/p>\n\n\n<div class=\"wp-block-image\">\n<figure class=\"aligncenter size-full is-resized\"><img loading=\"lazy\" decoding=\"async\" width=\"984\" height=\"712\" src=\"https:\/\/diariodepernambuco.audiencelabs.com.br\/wp-content\/uploads\/2025\/09\/Dembele.avif\" alt=\"\" class=\"wp-image-4594\" style=\"width:705px;height:auto\" srcset=\"https:\/\/diariodepernambuco.audiencelabs.com.br\/wp-content\/uploads\/2025\/09\/Dembele.avif 984w, https:\/\/diariodepernambuco.audiencelabs.com.br\/wp-content\/uploads\/2025\/09\/Dembele-300x217.avif 300w, https:\/\/diariodepernambuco.audiencelabs.com.br\/wp-content\/uploads\/2025\/09\/Dembele-768x556.avif 768w, https:\/\/diariodepernambuco.audiencelabs.com.br\/wp-content\/uploads\/2025\/09\/Dembele-120x86.avif 120w, https:\/\/diariodepernambuco.audiencelabs.com.br\/wp-content\/uploads\/2025\/09\/Dembele-750x543.avif 750w\" sizes=\"auto, (max-width: 984px) 100vw, 984px\" \/><figcaption class=\"wp-element-caption\">Demb\u00e9l\u00e9 conquista o pr\u00eamio de melhor do mundo \u2014 Foto: Reuters<\/figcaption><\/figure>\n<\/div>\n\n\n<p>&#8220;Raphinha em 5 \u00e9 sacanagem demais&#8221;, publicou Neymar no Instagram. Vini Jr., astro do Real Madrid e segundo colocado na Bola de Ouro de 2024, ficou apenas na 16\u00aa posi\u00e7\u00e3o. Ent\u00e3o vencedor do pr\u00eamio, o volante Rodri, do Manchester City, pouco atuou desde que foi eleito e sequer apareceu entre os 30 primeiros na edi\u00e7\u00e3o de 2025.<\/p>\n\n\n\n<p>O cr\u00edtico Neymar tem cinco presen\u00e7as no top-10 da Bola de Ouro: quinto em 2013, s\u00e9timo em 2014, terceiro em 2015, sexto em 2016 e terceiro novamente em 2017. O \u00faltimo brasileiro a ganhar o pr\u00eamio foi o ex-meia Kak\u00e1 em 2007.<\/p>\n\n\n\n<h2 class=\"wp-block-heading\">Confira o Top-10 da Bola de Ouro 2025<\/h2>\n\n\n\n<ol class=\"wp-block-list\">\n<li>Ousmane Demb\u00e9l\u00e9 (Fran\u00e7a) &#8211; Paris Saint-Germain<\/li>\n\n\n\n<li>Lamine Yamal (Espanha) &#8211; Barcelona<\/li>\n\n\n\n<li>Vitinha (Portugal) &#8211; Paris Saint-Germain<\/li>\n\n\n\n<li>Paris Saint-Germain (Egito) &#8211; Liverpool<\/li>\n\n\n\n<li>Raphinha (Brasil) &#8211; Barcelona<\/li>\n\n\n\n<li>Achraf Hakimi (Marrocos) &#8211; Paris Saint-Germain<\/li>\n\n\n\n<li>Kylian Mbapp\u00e9 (Fran\u00e7a) &#8211; Real Madrid<\/li>\n\n\n\n<li>Cole Palmer (Inglaterra) &#8211; Chelsea<\/li>\n\n\n\n<li>Gianluigi Donnarumma (It\u00e1lia) &#8211; Paris Saint-Germain<\/li>\n\n\n\n<li>Nuno Mendes (Portugal) &#8211; Paris Saint-Germain<\/li>\n<\/ol>\n\n\n\n<p><\/p>\n","protected":false},"excerpt":{"rendered":"<p>Neymar teve constatada uma les\u00e3o no m\u00fasculo reto femoral da coxa direita e s\u00f3 dever\u00e1 retornar \u00e0 campo na reta final do Campeonato Brasileiro. Fora de combate, o astro do Santos movimentou as redes sociais ao reclamar da posi\u00e7\u00e3o de Raphinha, do Barcelona, na disputa pela Bola de Ouro, pr\u00eamio dado pela revista France Football. [&hellip;]<\/p>\n","protected":false},"author":4,"featured_media":4586,"comment_status":"open","ping_status":"open","sticky":false,"template":"","format":"standard","meta":{"jnews-multi-image_gallery":[],"jnews_single_post":{"format":"standard"},"jnews_primary_category":[],"jnews_social_meta":[],"jnews_post_split":[],"footnotes":""},"categories":[1],"tags":[],"class_list":["post-4583","post","type-post","status-publish","format-standard","has-post-thumbnail","hentry","category-uncategorized"],"_links":{"self":[{"href":"https:\/\/diariodepernambuco.audiencelabs.com.br\/wp-json\/wp\/v2\/posts\/4583","targetHints":{"allow":["GET"]}}],"collection":[{"href":"https:\/\/diariodepernambuco.audiencelabs.com.br\/wp-json\/wp\/v2\/posts"}],"about":[{"href":"https:\/\/diariodepernambuco.audiencelabs.com.br\/wp-json\/wp\/v2\/types\/post"}],"author":[{"embeddable":true,"href":"https:\/\/diariodepernambuco.audiencelabs.com.br\/wp-json\/wp\/v2\/users\/4"}],"replies":[{"embeddable":true,"href":"https:\/\/diariodepernambuco.audiencelabs.com.br\/wp-json\/wp\/v2\/comments?post=4583"}],"version-history":[{"count":3,"href":"https:\/\/diariodepernambuco.audiencelabs.com.br\/wp-json\/wp\/v2\/posts\/4583\/revisions"}],"predecessor-version":[{"id":4595,"href":"https:\/\/diariodepernambuco.audiencelabs.com.br\/wp-json\/wp\/v2\/posts\/4583\/revisions\/4595"}],"wp:featuredmedia":[{"embeddable":true,"href":"https:\/\/diariodepernambuco.audiencelabs.com.br\/wp-json\/wp\/v2\/media\/4586"}],"wp:attachment":[{"href":"https:\/\/diariodepernambuco.audiencelabs.com.br\/wp-json\/wp\/v2\/media?parent=4583"}],"wp:term":[{"taxonomy":"category","embeddable":true,"href":"https:\/\/diariodepernambuco.audiencelabs.com.br\/wp-json\/wp\/v2\/categories?post=4583"},{"taxonomy":"post_tag","embeddable":true,"href":"https:\/\/diariodepernambuco.audiencelabs.com.br\/wp-json\/wp\/v2\/tags?post=4583"}],"curies":[{"name":"wp","href":"https:\/\/api.w.org\/{rel}","templated":true}]}}