{"id":4596,"date":"2025-09-27T13:25:00","date_gmt":"2025-09-27T16:25:00","guid":{"rendered":"https:\/\/diariodepernambuco.audiencelabs.com.br\/?p=4596"},"modified":"2025-09-24T22:23:57","modified_gmt":"2025-09-25T01:23:57","slug":"isencao-de-imposto-de-renda-foi-aprovada-em-comissao-do-senado","status":"publish","type":"post","link":"https:\/\/diariodepernambuco.audiencelabs.com.br\/isencao-de-imposto-de-renda-foi-aprovada-em-comissao-do-senado\/","title":{"rendered":"Isen\u00e7\u00e3o no Imposto de Renda foi aprovada em Comiss\u00e3o do Senado"},"content":{"rendered":"\n<p>A Comiss\u00e3o de Assuntos Econ\u00f4micos (CAE) do Senado aprovou, na \u00faltima quarta-feira (24), um projeto que, a partir de 2026, isenta do Imposto de Renda pessoas com rendimentos de at\u00e9 R$ 5 mil mensais (R$ 60 mil anuais). Atualmente, a faixa de isen\u00e7\u00e3o atinge quem recebe at\u00e9 R$ 3.036 por m\u00eas, equivalente a dois sal\u00e1rios m\u00ednimos.<\/p>\n\n\n\n<p>O texto aprovado pela comiss\u00e3o tamb\u00e9m estabelece um desconto progressivamente menor no Imposto de Renda para quem recebe entre R$ 5.001 e R$ 7.350. O projeto foi aprovado em car\u00e1ter terminativo pela CAE e seguir\u00e1 para a C\u00e2mara dos Deputados, a menos que haja recurso para an\u00e1lise no plen\u00e1rio do Senado.<\/p>\n\n\n\n<p>A proposta aprovada pela CAE \u00e9 semelhante a um projeto j\u00e1 em tramita\u00e7\u00e3o na C\u00e2mara, enviado ao Congresso pelo governo de Luiz In\u00e1cio Lula da Silva (PT). A amplia\u00e7\u00e3o da faixa de isen\u00e7\u00e3o do Imposto de Renda foi uma promessa de campanha de Lula em 2022 e \u00e9 considerada pelo governo uma estrat\u00e9gia para melhorar sua avalia\u00e7\u00e3o nas pesquisas.<\/p>\n\n\n\n<p>A vers\u00e3o aprovada pela CAE do Senado tamb\u00e9m cria, a partir de janeiro de 2026, o chamado Imposto de Renda da Pessoa F\u00edsica M\u00ednimo, que incidir\u00e1 sobre rendas anuais superiores a R$ 600 mil. Segundo o texto, a al\u00edquota poder\u00e1 variar de 0% at\u00e9 10%, sendo que o teto do imposto ser\u00e1 aplicado a rendimentos acima de R$ 1,2 milh\u00e3o por ano.<\/p>\n\n\n\n<h2 class=\"wp-block-heading\">As regras atuais do Imposto de Renda da Pessoa F\u00edsica (IRPF)<\/h2>\n\n\n\n<ol class=\"wp-block-list\">\n<li>Faixa de isen\u00e7\u00e3o:<\/li>\n<\/ol>\n\n\n\n<ul class=\"wp-block-list\">\n<li>Atualmente, contribuintes com rendimentos mensais de at\u00e9 R$ 3.036 est\u00e3o isentos do IR.<\/li>\n\n\n\n<li>A faixa de isen\u00e7\u00e3o proposta pelo Senado para 2026 \u00e9 de R$ 5 mil mensais (R$ 60 mil anuais).<\/li>\n<\/ul>\n\n\n\n<ol start=\"2\" class=\"wp-block-list\">\n<li>Al\u00edquotas progressivas:<\/li>\n<\/ol>\n\n\n\n<p>O IR \u00e9 cobrado de forma progressiva, com al\u00edquotas que aumentam conforme a renda:<\/p>\n\n\n\n<ul class=\"wp-block-list\">\n<li>At\u00e9 R$ 1.903,98: isento<\/li>\n\n\n\n<li>De R$ 1.903,99 a R$ 2.826,65: 7,5%<\/li>\n\n\n\n<li>De R$ 2.826,66 a R$ 3.751,05: 15%<\/li>\n\n\n\n<li>De R$ 3.751,06 a R$ 4.664,68: 22,5%<\/li>\n\n\n\n<li>Acima de R$ 4.664,68: 27,5%<\/li>\n<\/ul>\n\n\n\n<ol start=\"3\" class=\"wp-block-list\">\n<li>Dedu\u00e7\u00e3o de dependentes e despesas:<\/li>\n<\/ol>\n\n\n\n<p>\u00c9 poss\u00edvel deduzir gastos com dependentes, educa\u00e7\u00e3o, sa\u00fade e contribui\u00e7\u00e3o previdenci\u00e1ria, reduzindo a base de c\u00e1lculo do imposto.<\/p>\n\n\n\n<ol start=\"4\" class=\"wp-block-list\">\n<li>Declara\u00e7\u00e3o obrigat\u00f3ria:<\/li>\n<\/ol>\n\n\n\n<p>Contribuintes que recebem acima da faixa de isen\u00e7\u00e3o ou possuem rendimentos sujeitos \u00e0 tributa\u00e7\u00e3o devem entregar a declara\u00e7\u00e3o anual do IRPF.<\/p>\n\n\n\n<ol start=\"5\" class=\"wp-block-list\">\n<li>Imposto de Renda sobre rendimentos altos:<\/li>\n<\/ol>\n\n\n\n<p>O projeto aprovado pelo Senado prev\u00ea a cria\u00e7\u00e3o do IR m\u00ednimo sobre rendas acima de R$ 600 mil por ano, com al\u00edquota de at\u00e9 10% sobre ganhos superiores a R$ 1,2 milh\u00e3o.<\/p>\n\n\n\n<p><\/p>\n","protected":false},"excerpt":{"rendered":"<p>A Comiss\u00e3o de Assuntos Econ\u00f4micos (CAE) do Senado aprovou, na \u00faltima quarta-feira (24), um projeto que, a partir de 2026, isenta do Imposto de Renda pessoas com rendimentos de at\u00e9 R$ 5 mil mensais (R$ 60 mil anuais). Atualmente, a faixa de isen\u00e7\u00e3o atinge quem recebe at\u00e9 R$ 3.036 por m\u00eas, equivalente a dois sal\u00e1rios [&hellip;]<\/p>\n","protected":false},"author":4,"featured_media":1718,"comment_status":"open","ping_status":"open","sticky":false,"template":"","format":"standard","meta":{"jnews-multi-image_gallery":[],"jnews_single_post":{"format":"standard"},"jnews_primary_category":[],"jnews_social_meta":[],"jnews_post_split":[],"footnotes":""},"categories":[1],"tags":[],"class_list":["post-4596","post","type-post","status-publish","format-standard","has-post-thumbnail","hentry","category-uncategorized"],"_links":{"self":[{"href":"https:\/\/diariodepernambuco.audiencelabs.com.br\/wp-json\/wp\/v2\/posts\/4596","targetHints":{"allow":["GET"]}}],"collection":[{"href":"https:\/\/diariodepernambuco.audiencelabs.com.br\/wp-json\/wp\/v2\/posts"}],"about":[{"href":"https:\/\/diariodepernambuco.audiencelabs.com.br\/wp-json\/wp\/v2\/types\/post"}],"author":[{"embeddable":true,"href":"https:\/\/diariodepernambuco.audiencelabs.com.br\/wp-json\/wp\/v2\/users\/4"}],"replies":[{"embeddable":true,"href":"https:\/\/diariodepernambuco.audiencelabs.com.br\/wp-json\/wp\/v2\/comments?post=4596"}],"version-history":[{"count":2,"href":"https:\/\/diariodepernambuco.audiencelabs.com.br\/wp-json\/wp\/v2\/posts\/4596\/revisions"}],"predecessor-version":[{"id":4600,"href":"https:\/\/diariodepernambuco.audiencelabs.com.br\/wp-json\/wp\/v2\/posts\/4596\/revisions\/4600"}],"wp:featuredmedia":[{"embeddable":true,"href":"https:\/\/diariodepernambuco.audiencelabs.com.br\/wp-json\/wp\/v2\/media\/1718"}],"wp:attachment":[{"href":"https:\/\/diariodepernambuco.audiencelabs.com.br\/wp-json\/wp\/v2\/media?parent=4596"}],"wp:term":[{"taxonomy":"category","embeddable":true,"href":"https:\/\/diariodepernambuco.audiencelabs.com.br\/wp-json\/wp\/v2\/categories?post=4596"},{"taxonomy":"post_tag","embeddable":true,"href":"https:\/\/diariodepernambuco.audiencelabs.com.br\/wp-json\/wp\/v2\/tags?post=4596"}],"curies":[{"name":"wp","href":"https:\/\/api.w.org\/{rel}","templated":true}]}}