{"id":4629,"date":"2025-09-26T10:30:00","date_gmt":"2025-09-26T13:30:00","guid":{"rendered":"https:\/\/diariodepernambuco.audiencelabs.com.br\/?p=4629"},"modified":"2025-09-25T11:08:23","modified_gmt":"2025-09-25T14:08:23","slug":"qual-a-fruta-que-reduz-acucar-no-sangue-previne-diabetes","status":"publish","type":"post","link":"https:\/\/diariodepernambuco.audiencelabs.com.br\/qual-a-fruta-que-reduz-acucar-no-sangue-previne-diabetes\/","title":{"rendered":"Qual a fruta que reduz a\u00e7\u00facar no sangue? Previne diabetes!"},"content":{"rendered":"\n<p>Manter os n\u00edveis de a\u00e7\u00facar no sangue equilibrados \u00e9 essencial para a preven\u00e7\u00e3o do diabetes e para a sa\u00fade geral do organismo. Certas frutas possuem propriedades que ajudam a controlar a glicemia, al\u00e9m de fornecer vitaminas, fibras e antioxidantes importantes para o corpo.<\/p>\n\n\n\n<p>Entre as frutas mais indicadas para auxiliar no controle do a\u00e7\u00facar no sangue, a ma\u00e7\u00e3 se destaca. Rica em fibras sol\u00faveis, especialmente a pectina, a ma\u00e7\u00e3 ajuda a reduzir a absor\u00e7\u00e3o de a\u00e7\u00facar pelo intestino, evitando picos de glicemia. Al\u00e9m disso, cont\u00e9m antioxidantes que combatem inflama\u00e7\u00f5es e melhoram a sa\u00fade cardiovascular, fatores importantes para quem busca prevenir o diabetes.<\/p>\n\n\n\n<p>Para aproveitar os benef\u00edcios da ma\u00e7\u00e3, \u00e9 recomend\u00e1vel consumi-la com casca, pois \u00e9 nela que se concentra grande parte das fibras e nutrientes. Incorporar essa fruta no caf\u00e9 da manh\u00e3, em lanches intermedi\u00e1rios ou at\u00e9 em receitas saud\u00e1veis pode ser uma forma pr\u00e1tica e saborosa de cuidar da sa\u00fade e manter os n\u00edveis de a\u00e7\u00facar no sangue sob controle.<\/p>\n\n\n\n<p>Al\u00e9m da ma\u00e7\u00e3, outras frutas tamb\u00e9m podem ajudar a reduzir o a\u00e7\u00facar no sangue e prevenir o diabetes:<\/p>\n\n\n\n<ul class=\"wp-block-list\">\n<li>Pera: Rica em fibras sol\u00faveis e antioxidantes, a pera ajuda a controlar a glicemia e promove saciedade, evitando excessos alimentares.<\/li>\n<\/ul>\n\n\n\n<ul class=\"wp-block-list\">\n<li>Frutas vermelhas (morango, amora, framboesa): Possuem baixo \u00edndice glic\u00eamico e grande quantidade de antioxidantes, que ajudam a reduzir inflama\u00e7\u00f5es e melhorar a sensibilidade \u00e0 insulina.<\/li>\n<\/ul>\n\n\n\n<ul class=\"wp-block-list\">\n<li>Laranja e outras frutas c\u00edtricas: Cont\u00eam fibras e vitamina C, que auxiliam no metabolismo do a\u00e7\u00facar e fortalecem o sistema imunol\u00f3gico.<\/li>\n<\/ul>\n\n\n\n<ul class=\"wp-block-list\">\n<li>Abacate: Apesar de ser mais cal\u00f3rico, \u00e9 rico em gorduras saud\u00e1veis e fibras, contribuindo para a estabilidade dos n\u00edveis de glicose no sangue.<\/li>\n<\/ul>\n\n\n\n<p>Incluir essas frutas de forma equilibrada na alimenta\u00e7\u00e3o di\u00e1ria, sempre priorizando consumir a fruta inteira e com casca quando poss\u00edvel, \u00e9 uma maneira natural e saborosa de ajudar a manter o a\u00e7\u00facar no sangue controlado e reduzir o risco de diabetes.<\/p>\n\n\n\n<p><\/p>\n","protected":false},"excerpt":{"rendered":"<p>Manter os n\u00edveis de a\u00e7\u00facar no sangue equilibrados \u00e9 essencial para a preven\u00e7\u00e3o do diabetes e para a sa\u00fade geral do organismo. Certas frutas possuem propriedades que ajudam a controlar a glicemia, al\u00e9m de fornecer vitaminas, fibras e antioxidantes importantes para o corpo. Entre as frutas mais indicadas para auxiliar no controle do a\u00e7\u00facar no [&hellip;]<\/p>\n","protected":false},"author":4,"featured_media":1293,"comment_status":"open","ping_status":"open","sticky":false,"template":"","format":"standard","meta":{"jnews-multi-image_gallery":[],"jnews_single_post":{"format":"standard"},"jnews_primary_category":[],"jnews_social_meta":[],"jnews_post_split":[],"footnotes":""},"categories":[1],"tags":[],"class_list":["post-4629","post","type-post","status-publish","format-standard","has-post-thumbnail","hentry","category-uncategorized"],"_links":{"self":[{"href":"https:\/\/diariodepernambuco.audiencelabs.com.br\/wp-json\/wp\/v2\/posts\/4629","targetHints":{"allow":["GET"]}}],"collection":[{"href":"https:\/\/diariodepernambuco.audiencelabs.com.br\/wp-json\/wp\/v2\/posts"}],"about":[{"href":"https:\/\/diariodepernambuco.audiencelabs.com.br\/wp-json\/wp\/v2\/types\/post"}],"author":[{"embeddable":true,"href":"https:\/\/diariodepernambuco.audiencelabs.com.br\/wp-json\/wp\/v2\/users\/4"}],"replies":[{"embeddable":true,"href":"https:\/\/diariodepernambuco.audiencelabs.com.br\/wp-json\/wp\/v2\/comments?post=4629"}],"version-history":[{"count":2,"href":"https:\/\/diariodepernambuco.audiencelabs.com.br\/wp-json\/wp\/v2\/posts\/4629\/revisions"}],"predecessor-version":[{"id":4632,"href":"https:\/\/diariodepernambuco.audiencelabs.com.br\/wp-json\/wp\/v2\/posts\/4629\/revisions\/4632"}],"wp:featuredmedia":[{"embeddable":true,"href":"https:\/\/diariodepernambuco.audiencelabs.com.br\/wp-json\/wp\/v2\/media\/1293"}],"wp:attachment":[{"href":"https:\/\/diariodepernambuco.audiencelabs.com.br\/wp-json\/wp\/v2\/media?parent=4629"}],"wp:term":[{"taxonomy":"category","embeddable":true,"href":"https:\/\/diariodepernambuco.audiencelabs.com.br\/wp-json\/wp\/v2\/categories?post=4629"},{"taxonomy":"post_tag","embeddable":true,"href":"https:\/\/diariodepernambuco.audiencelabs.com.br\/wp-json\/wp\/v2\/tags?post=4629"}],"curies":[{"name":"wp","href":"https:\/\/api.w.org\/{rel}","templated":true}]}}