{"id":4655,"date":"2025-09-28T11:25:00","date_gmt":"2025-09-28T14:25:00","guid":{"rendered":"https:\/\/diariodepernambuco.audiencelabs.com.br\/?p=4655"},"modified":"2025-09-28T14:35:05","modified_gmt":"2025-09-28T17:35:05","slug":"ex-presidente-e-condenado-a-5-anos-de-prisao","status":"publish","type":"post","link":"https:\/\/diariodepernambuco.audiencelabs.com.br\/ex-presidente-e-condenado-a-5-anos-de-prisao\/","title":{"rendered":"Ex-Presidente \u00e9 condenado a 5 anos de pris\u00e3o"},"content":{"rendered":"\n<p>A Justi\u00e7a francesa condenou, na \u00faltima quinta-feira (25), o ex-presidente Nicolas Sarkozy, de 70 anos, a cinco anos de pris\u00e3o por associa\u00e7\u00e3o criminosa, no caso de financiamento ilegal de sua campanha eleitoral de 2007 pelo governo da L\u00edbia.<\/p>\n\n\n\n<p>Sarkozy, por\u00e9m, foi absolvido de todas as demais acusa\u00e7\u00f5es, incluindo corrup\u00e7\u00e3o passiva, e considerado inocente quanto \u00e0 acusa\u00e7\u00e3o de ter recebido recursos il\u00edcitos do falecido ditador l\u00edbio Muammar Kadhafi. O ex-presidente, que governou a Fran\u00e7a entre 2007 e 2012, dever\u00e1 cumprir a pena, embora ainda tenha o direito de recorrer da decis\u00e3o.<\/p>\n\n\n<div class=\"wp-block-image\">\n<figure class=\"aligncenter size-full is-resized\"><img loading=\"lazy\" decoding=\"async\" width=\"984\" height=\"656\" src=\"https:\/\/diariodepernambuco.audiencelabs.com.br\/wp-content\/uploads\/2025\/09\/Sarkozy.avif\" alt=\"\" class=\"wp-image-4657\" style=\"width:755px;height:auto\" srcset=\"https:\/\/diariodepernambuco.audiencelabs.com.br\/wp-content\/uploads\/2025\/09\/Sarkozy.avif 984w, https:\/\/diariodepernambuco.audiencelabs.com.br\/wp-content\/uploads\/2025\/09\/Sarkozy-300x200.avif 300w, https:\/\/diariodepernambuco.audiencelabs.com.br\/wp-content\/uploads\/2025\/09\/Sarkozy-768x512.avif 768w, https:\/\/diariodepernambuco.audiencelabs.com.br\/wp-content\/uploads\/2025\/09\/Sarkozy-750x500.avif 750w\" sizes=\"auto, (max-width: 984px) 100vw, 984px\" \/><figcaption class=\"wp-element-caption\">Ex-presidente da Fran\u00e7a Nicolas Sarkozy no tribunal \u2014 Foto: Stephanie Lecocq\/Reuters<\/figcaption><\/figure>\n<\/div>\n\n\n<p>O tribunal determinou a execu\u00e7\u00e3o provis\u00f3ria da pena, alegando que se tratava de \u201cfatos extremamente graves\u201d. O ex-presidente afirmou que recorrer\u00e1 da senten\u00e7a e que \u201cdormir\u00e1 na pris\u00e3o de cabe\u00e7a erguida\u201d. Agora, o Minist\u00e9rio P\u00fablico franc\u00eas tem at\u00e9 um m\u00eas para definir a data em que Sarkozy dever\u00e1 se apresentar.<\/p>\n\n\n\n<p>Ele compareceu \u00e0 leitura da senten\u00e7a em Paris na quinta-feira, acompanhado da esposa, a modelo, cantora e atriz Carla Bruni-Sarkozy, e de tr\u00eas de seus filhos. Ao deixar o tribunal, reafirmou sua inoc\u00eancia. O ex-presidente sempre negou as acusa\u00e7\u00f5es, alegando que o caso teria motiva\u00e7\u00f5es pol\u00edticas.<\/p>\n\n\n\n<h2 class=\"wp-block-heading\">Aliados de ex-presidente tamb\u00e9m foram condenados<\/h2>\n\n\n\n<p>Outras 11 pessoas tamb\u00e9m foram processadas junto com Sarkozy. A Justi\u00e7a considerou Claude Gu\u00e9ant, seu ex-bra\u00e7o direito, culpado por corrup\u00e7\u00e3o, e o ex-ministro Brice Hortefeux culpado por associa\u00e7\u00e3o il\u00edcita. J\u00e1 o tesoureiro de campanha, \u00c9ric Woerth, foi absolvido.<\/p>\n\n\n\n<p>O caso se baseia em depoimentos de sete ex-dirigentes l\u00edbios, viagens de Gu\u00e9ant e Hortefeux \u00e0 L\u00edbia, transfer\u00eancias de dinheiro e nos cadernos do ex-ministro do Petr\u00f3leo l\u00edbio Shukri Ghanem, encontrado afogado no rio Dan\u00fabio, em Viena, em 2012.<\/p>\n\n\n\n<p><\/p>\n","protected":false},"excerpt":{"rendered":"<p>A Justi\u00e7a francesa condenou, na \u00faltima quinta-feira (25), o ex-presidente Nicolas Sarkozy, de 70 anos, a cinco anos de pris\u00e3o por associa\u00e7\u00e3o criminosa, no caso de financiamento ilegal de sua campanha eleitoral de 2007 pelo governo da L\u00edbia. Sarkozy, por\u00e9m, foi absolvido de todas as demais acusa\u00e7\u00f5es, incluindo corrup\u00e7\u00e3o passiva, e considerado inocente quanto \u00e0 [&hellip;]<\/p>\n","protected":false},"author":4,"featured_media":4522,"comment_status":"open","ping_status":"open","sticky":false,"template":"","format":"standard","meta":{"jnews-multi-image_gallery":[],"jnews_single_post":{"format":"standard"},"jnews_primary_category":[],"jnews_social_meta":[],"jnews_post_split":[],"footnotes":""},"categories":[1],"tags":[],"class_list":["post-4655","post","type-post","status-publish","format-standard","has-post-thumbnail","hentry","category-uncategorized"],"_links":{"self":[{"href":"https:\/\/diariodepernambuco.audiencelabs.com.br\/wp-json\/wp\/v2\/posts\/4655","targetHints":{"allow":["GET"]}}],"collection":[{"href":"https:\/\/diariodepernambuco.audiencelabs.com.br\/wp-json\/wp\/v2\/posts"}],"about":[{"href":"https:\/\/diariodepernambuco.audiencelabs.com.br\/wp-json\/wp\/v2\/types\/post"}],"author":[{"embeddable":true,"href":"https:\/\/diariodepernambuco.audiencelabs.com.br\/wp-json\/wp\/v2\/users\/4"}],"replies":[{"embeddable":true,"href":"https:\/\/diariodepernambuco.audiencelabs.com.br\/wp-json\/wp\/v2\/comments?post=4655"}],"version-history":[{"count":3,"href":"https:\/\/diariodepernambuco.audiencelabs.com.br\/wp-json\/wp\/v2\/posts\/4655\/revisions"}],"predecessor-version":[{"id":4881,"href":"https:\/\/diariodepernambuco.audiencelabs.com.br\/wp-json\/wp\/v2\/posts\/4655\/revisions\/4881"}],"wp:featuredmedia":[{"embeddable":true,"href":"https:\/\/diariodepernambuco.audiencelabs.com.br\/wp-json\/wp\/v2\/media\/4522"}],"wp:attachment":[{"href":"https:\/\/diariodepernambuco.audiencelabs.com.br\/wp-json\/wp\/v2\/media?parent=4655"}],"wp:term":[{"taxonomy":"category","embeddable":true,"href":"https:\/\/diariodepernambuco.audiencelabs.com.br\/wp-json\/wp\/v2\/categories?post=4655"},{"taxonomy":"post_tag","embeddable":true,"href":"https:\/\/diariodepernambuco.audiencelabs.com.br\/wp-json\/wp\/v2\/tags?post=4655"}],"curies":[{"name":"wp","href":"https:\/\/api.w.org\/{rel}","templated":true}]}}