{"id":4685,"date":"2025-09-26T19:00:00","date_gmt":"2025-09-26T22:00:00","guid":{"rendered":"https:\/\/diariodepernambuco.audiencelabs.com.br\/?p=4685"},"modified":"2025-09-25T13:47:12","modified_gmt":"2025-09-25T16:47:12","slug":"quem-gosta-do-horario-de-verao-precisa-saber-disso","status":"publish","type":"post","link":"https:\/\/diariodepernambuco.audiencelabs.com.br\/quem-gosta-do-horario-de-verao-precisa-saber-disso\/","title":{"rendered":"Quem gosta do hor\u00e1rio de ver\u00e3o precisa saber disso"},"content":{"rendered":"\n<p>A discuss\u00e3o sobre a retomada do hor\u00e1rio de ver\u00e3o voltou \u00e0 pauta nas \u00faltimas semanas, mas o Minist\u00e9rio de Minas e Energia (MME) afirmou que n\u00e3o h\u00e1 previs\u00e3o de reinstaurar a medida em 2025. Suspenso desde 2019, o adiantamento dos rel\u00f3gios em uma hora ainda \u00e9 avaliado periodicamente, mas j\u00e1 n\u00e3o \u00e9 considerado eficiente frente ao cen\u00e1rio energ\u00e9tico atual do Brasil.<\/p>\n\n\n\n<p>A principal justificativa para a suspens\u00e3o do hor\u00e1rio de ver\u00e3o \u00e9 que os ganhos na economia de energia el\u00e9trica se tornaram praticamente insignificantes. Estudos recentes mostram que, com a moderniza\u00e7\u00e3o do setor el\u00e9trico e o aumento do uso de equipamentos eletr\u00f4nicos e ar-condicionado, a redu\u00e7\u00e3o no consumo causada pelo adiantamento dos rel\u00f3gios deixou de ter impacto relevante.<\/p>\n\n\n\n<p>Al\u00e9m disso, pesquisas indicam que a mudan\u00e7a de hor\u00e1rio pode afetar a sa\u00fade das pessoas, provocando altera\u00e7\u00f5es no sono, no humor e at\u00e9 no desempenho cognitivo. Combinando os baixos benef\u00edcios energ\u00e9ticos e os efeitos negativos para a popula\u00e7\u00e3o, o governo optou por manter os rel\u00f3gios no hor\u00e1rio padr\u00e3o, encerrando de vez a possibilidade de retorno do hor\u00e1rio de ver\u00e3o.<\/p>\n\n\n\n<p>\u201cComo nos \u00faltimos anos houve mudan\u00e7as no h\u00e1bito de consumo de energia da popula\u00e7\u00e3o, deslocando o maior consumo di\u00e1rio de energia para o per\u00edodo da tarde, o Hor\u00e1rio de Ver\u00e3o deixou de produzir os resultados para os quais essa pol\u00edtica p\u00fablica foi formulada, perdendo sua raz\u00e3o de ser aplicado sob o ponto de vista do setor el\u00e9trico\u201d, disse o MME em comunicado oficial.<\/p>\n\n\n\n<h2 class=\"wp-block-heading\">Por qu\u00ea o Brasil encerrou o hor\u00e1rio de ver\u00e3o?<\/h2>\n\n\n\n<ul class=\"wp-block-list\">\n<li>O Brasil encerrou o hor\u00e1rio de ver\u00e3o por uma combina\u00e7\u00e3o de fatores relacionados a efici\u00eancia energ\u00e9tica e sa\u00fade da popula\u00e7\u00e3o:<\/li>\n<\/ul>\n\n\n\n<ul class=\"wp-block-list\">\n<li>Baixa economia de energia: Com a moderniza\u00e7\u00e3o do setor el\u00e9trico e o aumento do uso de ar-condicionado, eletr\u00f4nicos e ilumina\u00e7\u00e3o eficiente, o adiantamento dos rel\u00f3gios deixou de gerar redu\u00e7\u00e3o significativa no consumo de energia el\u00e9trica, que era o principal objetivo da medida.<\/li>\n<\/ul>\n\n\n\n<ul class=\"wp-block-list\">\n<li>Impactos na sa\u00fade: Estudos mostraram que a mudan\u00e7a de hor\u00e1rio pode desregular o rel\u00f3gio biol\u00f3gico, provocando problemas como ins\u00f4nia, altera\u00e7\u00f5es de humor, queda de produtividade e at\u00e9 risco maior de acidentes no per\u00edodo de adapta\u00e7\u00e3o.<\/li>\n<\/ul>\n\n\n\n<ul class=\"wp-block-list\">\n<li>Cen\u00e1rio energ\u00e9tico atual: Diferente do passado, o Brasil hoje tem uma matriz el\u00e9trica mais equilibrada e menos dependente da luz natural, tornando o hor\u00e1rio de ver\u00e3o menos necess\u00e1rio para o gerenciamento do consumo de energia.<\/li>\n<\/ul>\n\n\n\n<p><\/p>\n","protected":false},"excerpt":{"rendered":"<p>A discuss\u00e3o sobre a retomada do hor\u00e1rio de ver\u00e3o voltou \u00e0 pauta nas \u00faltimas semanas, mas o Minist\u00e9rio de Minas e Energia (MME) afirmou que n\u00e3o h\u00e1 previs\u00e3o de reinstaurar a medida em 2025. Suspenso desde 2019, o adiantamento dos rel\u00f3gios em uma hora ainda \u00e9 avaliado periodicamente, mas j\u00e1 n\u00e3o \u00e9 considerado eficiente frente [&hellip;]<\/p>\n","protected":false},"author":4,"featured_media":4090,"comment_status":"open","ping_status":"open","sticky":false,"template":"","format":"standard","meta":{"jnews-multi-image_gallery":[],"jnews_single_post":{"format":"standard"},"jnews_primary_category":[],"jnews_social_meta":[],"jnews_post_split":[],"footnotes":""},"categories":[1],"tags":[],"class_list":["post-4685","post","type-post","status-publish","format-standard","has-post-thumbnail","hentry","category-uncategorized"],"_links":{"self":[{"href":"https:\/\/diariodepernambuco.audiencelabs.com.br\/wp-json\/wp\/v2\/posts\/4685","targetHints":{"allow":["GET"]}}],"collection":[{"href":"https:\/\/diariodepernambuco.audiencelabs.com.br\/wp-json\/wp\/v2\/posts"}],"about":[{"href":"https:\/\/diariodepernambuco.audiencelabs.com.br\/wp-json\/wp\/v2\/types\/post"}],"author":[{"embeddable":true,"href":"https:\/\/diariodepernambuco.audiencelabs.com.br\/wp-json\/wp\/v2\/users\/4"}],"replies":[{"embeddable":true,"href":"https:\/\/diariodepernambuco.audiencelabs.com.br\/wp-json\/wp\/v2\/comments?post=4685"}],"version-history":[{"count":3,"href":"https:\/\/diariodepernambuco.audiencelabs.com.br\/wp-json\/wp\/v2\/posts\/4685\/revisions"}],"predecessor-version":[{"id":4689,"href":"https:\/\/diariodepernambuco.audiencelabs.com.br\/wp-json\/wp\/v2\/posts\/4685\/revisions\/4689"}],"wp:featuredmedia":[{"embeddable":true,"href":"https:\/\/diariodepernambuco.audiencelabs.com.br\/wp-json\/wp\/v2\/media\/4090"}],"wp:attachment":[{"href":"https:\/\/diariodepernambuco.audiencelabs.com.br\/wp-json\/wp\/v2\/media?parent=4685"}],"wp:term":[{"taxonomy":"category","embeddable":true,"href":"https:\/\/diariodepernambuco.audiencelabs.com.br\/wp-json\/wp\/v2\/categories?post=4685"},{"taxonomy":"post_tag","embeddable":true,"href":"https:\/\/diariodepernambuco.audiencelabs.com.br\/wp-json\/wp\/v2\/tags?post=4685"}],"curies":[{"name":"wp","href":"https:\/\/api.w.org\/{rel}","templated":true}]}}