{"id":4690,"date":"2025-09-26T20:00:00","date_gmt":"2025-09-26T23:00:00","guid":{"rendered":"https:\/\/diariodepernambuco.audiencelabs.com.br\/?p=4690"},"modified":"2025-09-25T15:54:50","modified_gmt":"2025-09-25T18:54:50","slug":"feriado-confirmado-para-o-dia-29-do-mes-atual-quem-nao-vai-trabalhar","status":"publish","type":"post","link":"https:\/\/diariodepernambuco.audiencelabs.com.br\/feriado-confirmado-para-o-dia-29-do-mes-atual-quem-nao-vai-trabalhar\/","title":{"rendered":"Feriado confirmado para os dias 29 e 30 do m\u00eas atual: quem n\u00e3o vai trabalhar?"},"content":{"rendered":"\n<p>Os dias 29 e 30 deste m\u00eas trazem feriados municipais em v\u00e1rias cidades do Brasil, alterando a rotina de \u00f3rg\u00e3os p\u00fablicos, com\u00e9rcio e servi\u00e7os em determinadas regi\u00f5es. Para quem precisa se organizar, \u00e9 importante saber quem ter\u00e1 folga e quem precisar\u00e1 trabalhar normalmente nesses dias.<\/p>\n\n\n\n<p>Na segunda-feira (29), as cidades de S\u00e3o Miguel (RN), Guanh\u00e3es (MG), Ipojuca (PE), Santa Cruz do Capibaribe (PE), Camocim (CE), Resende (RJ) e Valen\u00e7a (BA) comemoram o Dia de S\u00e3o Miguel Arcanjo. Nesses munic\u00edpios, o atendimento banc\u00e1rio ser\u00e1 suspenso, afetando clientes que precisem realizar opera\u00e7\u00f5es presencialmente.<\/p>\n\n\n\n<p>J\u00e1 na ter\u00e7a-feira (30), outros munic\u00edpios ter\u00e3o feriados locais que tamb\u00e9m impactam o funcionamento de servi\u00e7os e com\u00e9rcios. Cidades como Itabuna (BA), Timon (MA) e Po\u00e7\u00f5es (BA) celebram datas municipais espec\u00edficas, com suspens\u00e3o de atividades em \u00f3rg\u00e3os p\u00fablicos e bancos.<\/p>\n\n\n\n<p>\u00c9 importante que os moradores e visitantes dessas regi\u00f5es se programem com anteced\u00eancia, principalmente para pagamentos, agendamentos e compromissos que dependam de atendimento presencial. Embora os servi\u00e7os essenciais, como hospitais e transporte p\u00fablico, continuem funcionando, alguns hor\u00e1rios podem sofrer altera\u00e7\u00f5es devido ao feriado.<\/p>\n\n\n\n<h2 class=\"wp-block-heading\">Feriados nacionais em 2026<\/h2>\n\n\n\n<ul class=\"wp-block-list\">\n<li>1\u00ba de janeiro (quinta-feira): Confraterniza\u00e7\u00e3o Universal<\/li>\n\n\n\n<li>16 e 17 de fevereiro (segunda e ter\u00e7a-feira): Carnaval (ponto facultativo)<\/li>\n\n\n\n<li>18 de fevereiro (quarta-feira): Quarta-feira de Cinzas (ponto facultativo at\u00e9 as 14h)<\/li>\n\n\n\n<li>3 de abril (sexta-feira): Sexta-feira Santa<\/li>\n\n\n\n<li>21 de abril (ter\u00e7a-feira): Tiradentes<\/li>\n\n\n\n<li>1\u00ba de maio (sexta-feira): Dia do Trabalho<\/li>\n\n\n\n<li>4 de junho (quinta-feira): Corpus Christi (ponto facultativo)<\/li>\n\n\n\n<li>7 de setembro (segunda-feira): Independ\u00eancia do Brasil<\/li>\n\n\n\n<li>12 de outubro (segunda-feira): Nossa Senhora Aparecida<\/li>\n\n\n\n<li>2 de novembro (segunda-feira): Finados<\/li>\n\n\n\n<li>15 de novembro (domingo): Proclama\u00e7\u00e3o da Rep\u00fablica<\/li>\n\n\n\n<li>20 de novembro (sexta-feira): Dia da Consci\u00eancia Negra<\/li>\n\n\n\n<li>25 de dezembro (sexta-feira): Natal<\/li>\n<\/ul>\n\n\n\n<p><\/p>\n","protected":false},"excerpt":{"rendered":"<p>Os dias 29 e 30 deste m\u00eas trazem feriados municipais em v\u00e1rias cidades do Brasil, alterando a rotina de \u00f3rg\u00e3os p\u00fablicos, com\u00e9rcio e servi\u00e7os em determinadas regi\u00f5es. Para quem precisa se organizar, \u00e9 importante saber quem ter\u00e1 folga e quem precisar\u00e1 trabalhar normalmente nesses dias. Na segunda-feira (29), as cidades de S\u00e3o Miguel (RN), Guanh\u00e3es [&hellip;]<\/p>\n","protected":false},"author":4,"featured_media":1518,"comment_status":"open","ping_status":"open","sticky":false,"template":"","format":"standard","meta":{"jnews-multi-image_gallery":[],"jnews_single_post":[],"jnews_primary_category":[],"jnews_social_meta":[],"jnews_post_split":[],"footnotes":""},"categories":[1],"tags":[],"class_list":["post-4690","post","type-post","status-publish","format-standard","has-post-thumbnail","hentry","category-uncategorized"],"_links":{"self":[{"href":"https:\/\/diariodepernambuco.audiencelabs.com.br\/wp-json\/wp\/v2\/posts\/4690","targetHints":{"allow":["GET"]}}],"collection":[{"href":"https:\/\/diariodepernambuco.audiencelabs.com.br\/wp-json\/wp\/v2\/posts"}],"about":[{"href":"https:\/\/diariodepernambuco.audiencelabs.com.br\/wp-json\/wp\/v2\/types\/post"}],"author":[{"embeddable":true,"href":"https:\/\/diariodepernambuco.audiencelabs.com.br\/wp-json\/wp\/v2\/users\/4"}],"replies":[{"embeddable":true,"href":"https:\/\/diariodepernambuco.audiencelabs.com.br\/wp-json\/wp\/v2\/comments?post=4690"}],"version-history":[{"count":5,"href":"https:\/\/diariodepernambuco.audiencelabs.com.br\/wp-json\/wp\/v2\/posts\/4690\/revisions"}],"predecessor-version":[{"id":4696,"href":"https:\/\/diariodepernambuco.audiencelabs.com.br\/wp-json\/wp\/v2\/posts\/4690\/revisions\/4696"}],"wp:featuredmedia":[{"embeddable":true,"href":"https:\/\/diariodepernambuco.audiencelabs.com.br\/wp-json\/wp\/v2\/media\/1518"}],"wp:attachment":[{"href":"https:\/\/diariodepernambuco.audiencelabs.com.br\/wp-json\/wp\/v2\/media?parent=4690"}],"wp:term":[{"taxonomy":"category","embeddable":true,"href":"https:\/\/diariodepernambuco.audiencelabs.com.br\/wp-json\/wp\/v2\/categories?post=4690"},{"taxonomy":"post_tag","embeddable":true,"href":"https:\/\/diariodepernambuco.audiencelabs.com.br\/wp-json\/wp\/v2\/tags?post=4690"}],"curies":[{"name":"wp","href":"https:\/\/api.w.org\/{rel}","templated":true}]}}