{"id":4701,"date":"2025-09-27T00:22:00","date_gmt":"2025-09-27T03:22:00","guid":{"rendered":"https:\/\/diariodepernambuco.audiencelabs.com.br\/?p=4701"},"modified":"2025-09-27T12:35:30","modified_gmt":"2025-09-27T15:35:30","slug":"milhoes-de-brasileiros-vao-ganhar-isencao-no-imposto-de-renda","status":"publish","type":"post","link":"https:\/\/diariodepernambuco.audiencelabs.com.br\/milhoes-de-brasileiros-vao-ganhar-isencao-no-imposto-de-renda\/","title":{"rendered":"Milh\u00f5es de brasileiros podem ganhar isen\u00e7\u00e3o no Imposto de Renda"},"content":{"rendered":"\n<p>O ministro da Fazenda, Fernando Haddad (PT), mostrou confian\u00e7a na aprova\u00e7\u00e3o do projeto de lei que prev\u00ea isen\u00e7\u00e3o do Imposto de Renda (IR) para quem ganha at\u00e9 R$ 5 mil mensais. Segundo ele, a expectativa \u00e9 que a proposta seja aprovada pelo Congresso Nacional nos pr\u00f3ximos dias e siga para san\u00e7\u00e3o do presidente Luiz In\u00e1cio Lula da Silva (PT) j\u00e1 no pr\u00f3ximo m\u00eas.<\/p>\n\n\n\n<p>&#8220;Eu penso que o presidente vai sancionar em outubro. Ou seja, n\u00f3s vamos para 20 milh\u00f5es de pessoas que v\u00e3o deixar de pagar IR durante este mandato. S\u00e3o 10 milh\u00f5es com essa lei, mas n\u00e3o podemos esquecer os 10 milh\u00f5es que j\u00e1 est\u00e3o isentos porque atualizamos a tabela do IR tr\u00eas vezes&#8221;, disse o ministro em entrevista ao ICL Not\u00edcias.<\/p>\n\n\n\n<p>A iniciativa \u00e9 considerada uma das principais prioridades do governo Lula, promessa feita ainda durante a campanha presidencial de 2022. O pedido de urg\u00eancia para o projeto que amplia a isen\u00e7\u00e3o do IR foi aprovado em 21 de agosto, mas o texto ainda n\u00e3o foi levado ao plen\u00e1rio da C\u00e2mara devido \u00e0 aus\u00eancia de consenso entre os parlamentares.<\/p>\n\n\n\n<p>O maior ponto de diverg\u00eancia gira em torno da compensa\u00e7\u00e3o financeira, hoje prevista por meio da eleva\u00e7\u00e3o de tributos sobre os chamados super-ricos. Na segunda-feira (22\/9), durante um evento em S\u00e3o Paulo, o presidente da C\u00e2mara dos Deputados, Hugo Motta (Republicanos-PB), afirmou que a proposta deve ser apreciada pelo plen\u00e1rio da Casa j\u00e1 na pr\u00f3xima semana.<\/p>\n\n\n\n<h2 class=\"wp-block-heading\">As regras atuais do Imposto de Renda da Pessoa F\u00edsica (IRPF)<\/h2>\n\n\n\n<ol class=\"wp-block-list\">\n<li>Faixa de isen\u00e7\u00e3o:<\/li>\n<\/ol>\n\n\n\n<ul class=\"wp-block-list\">\n<li>Atualmente, contribuintes com rendimentos mensais de at\u00e9 R$ 3.036 est\u00e3o isentos do IR.<\/li>\n\n\n\n<li>A faixa de isen\u00e7\u00e3o proposta pelo Senado para 2026 \u00e9 de R$ 5 mil mensais (R$ 60 mil anuais).<\/li>\n<\/ul>\n\n\n\n<ol start=\"2\" class=\"wp-block-list\">\n<li>Al\u00edquotas progressivas:<\/li>\n<\/ol>\n\n\n\n<p>O IR \u00e9 cobrado de forma progressiva, com al\u00edquotas que aumentam conforme a renda:<\/p>\n\n\n\n<ul class=\"wp-block-list\">\n<li>At\u00e9 R$ 1.903,98: isento<\/li>\n\n\n\n<li>De R$ 1.903,99 a R$ 2.826,65: 7,5%<\/li>\n\n\n\n<li>De R$ 2.826,66 a R$ 3.751,05: 15%<\/li>\n\n\n\n<li>De R$ 3.751,06 a R$ 4.664,68: 22,5%<\/li>\n\n\n\n<li>Acima de R$ 4.664,68: 27,5%<\/li>\n<\/ul>\n\n\n\n<ol start=\"3\" class=\"wp-block-list\">\n<li>Dedu\u00e7\u00e3o de dependentes e despesas:<\/li>\n<\/ol>\n\n\n\n<p>\u00c9 poss\u00edvel deduzir gastos com dependentes, educa\u00e7\u00e3o, sa\u00fade e contribui\u00e7\u00e3o previdenci\u00e1ria, reduzindo a base de c\u00e1lculo do imposto.<\/p>\n\n\n\n<ol start=\"4\" class=\"wp-block-list\">\n<li>Declara\u00e7\u00e3o obrigat\u00f3ria:<\/li>\n<\/ol>\n\n\n\n<p>Contribuintes que recebem acima da faixa de isen\u00e7\u00e3o ou possuem rendimentos sujeitos \u00e0 tributa\u00e7\u00e3o devem entregar a declara\u00e7\u00e3o anual do IRPF.<\/p>\n\n\n\n<ol start=\"5\" class=\"wp-block-list\">\n<li>Imposto de Renda sobre rendimentos altos:<\/li>\n<\/ol>\n\n\n\n<p>O projeto aprovado pelo Senado prev\u00ea a cria\u00e7\u00e3o do IR m\u00ednimo sobre rendas acima de R$ 600 mil por ano, com al\u00edquota de at\u00e9 10% sobre ganhos superiores a R$ 1,2 milh\u00e3o.<\/p>\n\n\n\n<p><\/p>\n","protected":false},"excerpt":{"rendered":"<p>O ministro da Fazenda, Fernando Haddad (PT), mostrou confian\u00e7a na aprova\u00e7\u00e3o do projeto de lei que prev\u00ea isen\u00e7\u00e3o do Imposto de Renda (IR) para quem ganha at\u00e9 R$ 5 mil mensais. Segundo ele, a expectativa \u00e9 que a proposta seja aprovada pelo Congresso Nacional nos pr\u00f3ximos dias e siga para san\u00e7\u00e3o do presidente Luiz In\u00e1cio [&hellip;]<\/p>\n","protected":false},"author":4,"featured_media":670,"comment_status":"open","ping_status":"open","sticky":false,"template":"","format":"standard","meta":{"jnews-multi-image_gallery":[],"jnews_single_post":{"format":"standard"},"jnews_primary_category":[],"jnews_social_meta":[],"jnews_post_split":[],"footnotes":""},"categories":[1],"tags":[],"class_list":["post-4701","post","type-post","status-publish","format-standard","has-post-thumbnail","hentry","category-uncategorized"],"_links":{"self":[{"href":"https:\/\/diariodepernambuco.audiencelabs.com.br\/wp-json\/wp\/v2\/posts\/4701","targetHints":{"allow":["GET"]}}],"collection":[{"href":"https:\/\/diariodepernambuco.audiencelabs.com.br\/wp-json\/wp\/v2\/posts"}],"about":[{"href":"https:\/\/diariodepernambuco.audiencelabs.com.br\/wp-json\/wp\/v2\/types\/post"}],"author":[{"embeddable":true,"href":"https:\/\/diariodepernambuco.audiencelabs.com.br\/wp-json\/wp\/v2\/users\/4"}],"replies":[{"embeddable":true,"href":"https:\/\/diariodepernambuco.audiencelabs.com.br\/wp-json\/wp\/v2\/comments?post=4701"}],"version-history":[{"count":3,"href":"https:\/\/diariodepernambuco.audiencelabs.com.br\/wp-json\/wp\/v2\/posts\/4701\/revisions"}],"predecessor-version":[{"id":4849,"href":"https:\/\/diariodepernambuco.audiencelabs.com.br\/wp-json\/wp\/v2\/posts\/4701\/revisions\/4849"}],"wp:featuredmedia":[{"embeddable":true,"href":"https:\/\/diariodepernambuco.audiencelabs.com.br\/wp-json\/wp\/v2\/media\/670"}],"wp:attachment":[{"href":"https:\/\/diariodepernambuco.audiencelabs.com.br\/wp-json\/wp\/v2\/media?parent=4701"}],"wp:term":[{"taxonomy":"category","embeddable":true,"href":"https:\/\/diariodepernambuco.audiencelabs.com.br\/wp-json\/wp\/v2\/categories?post=4701"},{"taxonomy":"post_tag","embeddable":true,"href":"https:\/\/diariodepernambuco.audiencelabs.com.br\/wp-json\/wp\/v2\/tags?post=4701"}],"curies":[{"name":"wp","href":"https:\/\/api.w.org\/{rel}","templated":true}]}}