{"id":472,"date":"2025-08-06T09:00:00","date_gmt":"2025-08-06T12:00:00","guid":{"rendered":"https:\/\/diariodepernambuco.audiencelabs.com.br\/?p=472"},"modified":"2025-08-05T11:22:20","modified_gmt":"2025-08-05T14:22:20","slug":"puberdade-precoce-fez-mulher-ser-mae-aos-5-anos","status":"publish","type":"post","link":"https:\/\/diariodepernambuco.audiencelabs.com.br\/puberdade-precoce-fez-mulher-ser-mae-aos-5-anos\/","title":{"rendered":"Puberdade precoce fez mulher ser m\u00e3e aos 5 anos"},"content":{"rendered":"\n<p>O distrito de Ticrapo, localizado na prov\u00edncia de Castrovirreyna, no Peru, despertou o interesse mundial em maio de 1939. Na ocasi\u00e3o, Lina Marcela Medina de Jurado, uma menina de apenas cinco anos, sete meses e 21 dias de idade, deu \u00e0 luz a Gerardo. O fato fez com que ela se tornasse a m\u00e3e mais jovem j\u00e1 confirmada no planeta.<\/p>\n\n\n\n<p>O curioso caso de Lina foi documentado pelo Dr. Edmundo Escomel na publica\u00e7\u00e3o La Presse Medicale. Segundo o m\u00e9dico, a peruana sofria de uma condi\u00e7\u00e3o m\u00e9dica rara caracterizada por puberdade extremamente precoce. A suspeita \u00e9 de que a menina tenha sofrido abuso sexual, mas Lina jamais revelou a identidade do pai de Gerardo.<\/p>\n\n\n\n<p>A gravidez foi identificada depois que Tiburcio Medina, pai de Lina, notou um incha\u00e7o incomum no abd\u00f4men da filha e, inicialmente, buscou ajuda com curandeiros da regi\u00e3o. Diante das orienta\u00e7\u00f5es recebidas, a fam\u00edlia procurou o hospital de Pisco, onde os m\u00e9dicos confirmaram que se tratava de uma gesta\u00e7\u00e3o de sete meses.<\/p>\n\n\n\n<p>Dois meses depois, no Dia das M\u00e3es no Peru, a menina passou por uma cesariana, procedimento necess\u00e1rio devido ao tamanho reduzido de sua p\u00e9lvis. A cirurgia foi um sucesso e contou com a atua\u00e7\u00e3o dos doutores Lozada e Busalleu. Gerardo veio ao mundo com 2,7 quilogramas.<\/p>\n\n\n\n<h2 class=\"wp-block-heading\">O que aconteceu ap\u00f3s o nascimento?<\/h2>\n\n\n\n<p>Ap\u00f3s a inesperada chegada de Gerardo, Lina permaneceu hospitalizada por longos onze meses. Ap\u00f3s deixar o hospital, ela ainda era uma crian\u00e7a que preferia brincar com bonecas a cuidar do filho. O menino foi amamentado por uma enfermeira e criado pelo irm\u00e3o de Lina, acreditando que ela era sua irm\u00e3 at\u00e9 descobrir a verdade aos dez anos de idade.<\/p>\n\n\n<div class=\"wp-block-image\">\n<figure class=\"aligncenter size-large is-resized\"><img loading=\"lazy\" decoding=\"async\" width=\"1024\" height=\"683\" src=\"https:\/\/diariodepernambuco.audiencelabs.com.br\/wp-content\/uploads\/2025\/08\/Lina-e-Gerado-1024x683.jpg\" alt=\"\" class=\"wp-image-478\" style=\"width:696px;height:auto\" srcset=\"https:\/\/diariodepernambuco.audiencelabs.com.br\/wp-content\/uploads\/2025\/08\/Lina-e-Gerado-1024x683.jpg 1024w, https:\/\/diariodepernambuco.audiencelabs.com.br\/wp-content\/uploads\/2025\/08\/Lina-e-Gerado-300x200.jpg 300w, https:\/\/diariodepernambuco.audiencelabs.com.br\/wp-content\/uploads\/2025\/08\/Lina-e-Gerado-768x512.jpg 768w, https:\/\/diariodepernambuco.audiencelabs.com.br\/wp-content\/uploads\/2025\/08\/Lina-e-Gerado-750x500.jpg 750w, https:\/\/diariodepernambuco.audiencelabs.com.br\/wp-content\/uploads\/2025\/08\/Lina-e-Gerado-1140x760.jpg 1140w, https:\/\/diariodepernambuco.audiencelabs.com.br\/wp-content\/uploads\/2025\/08\/Lina-e-Gerado.jpg 1200w\" sizes=\"auto, (max-width: 1024px) 100vw, 1024px\" \/><figcaption class=\"wp-element-caption\">Lina e seu filho Gerardo. <strong>Foto: Wikimedia Commons\/ Arquivo Pessoal\/ Reprodu\u00e7\u00e3o howstuffworks.com<\/strong><\/figcaption><\/figure>\n<\/div>\n\n\n<h2 class=\"wp-block-heading\">Por onde andam Lina e Gerardo?<\/h2>\n\n\n\n<p>O nascimento de Gerardo atraiu grande aten\u00e7\u00e3o internacional, com diversas ofertas comerciais sendo feitas \u00e0 fam\u00edlia. Todas foram rejeitadas. Em 1972, j\u00e1 com 38 anos, Lina se casou com Ra\u00fal Jurado e teve seu segundo filho. Hoje ela vive em condi\u00e7\u00f5es prec\u00e1rias em um bairro pobre de Lima, conhecido localmente como &#8220;Chicago Chico&#8221;.<\/p>\n\n\n\n<p>J\u00e1 Gerardo, que nunca teve o pai revelado, faleceu aos 40 anos em 1979. No Peru, o caso gerou diversas interpreta\u00e7\u00f5es culturais e religiosas. Em algumas comunidades, Lina era comparada \u00e0 Virgem Maria. Em outras, Gerardo seria filho do deus Sol.<\/p>\n\n\n\n<p><\/p>\n","protected":false},"excerpt":{"rendered":"<p>O distrito de Ticrapo, localizado na prov\u00edncia de Castrovirreyna, no Peru, despertou o interesse mundial em maio de 1939. Na ocasi\u00e3o, Lina Marcela Medina de Jurado, uma menina de apenas cinco anos, sete meses e 21 dias de idade, deu \u00e0 luz a Gerardo. O fato fez com que ela se tornasse a m\u00e3e mais [&hellip;]<\/p>\n","protected":false},"author":4,"featured_media":474,"comment_status":"open","ping_status":"open","sticky":false,"template":"","format":"standard","meta":{"jnews-multi-image_gallery":[],"jnews_single_post":{"format":"standard"},"jnews_primary_category":[],"jnews_social_meta":[],"jnews_post_split":[],"footnotes":""},"categories":[1],"tags":[],"class_list":["post-472","post","type-post","status-publish","format-standard","has-post-thumbnail","hentry","category-uncategorized"],"_links":{"self":[{"href":"https:\/\/diariodepernambuco.audiencelabs.com.br\/wp-json\/wp\/v2\/posts\/472","targetHints":{"allow":["GET"]}}],"collection":[{"href":"https:\/\/diariodepernambuco.audiencelabs.com.br\/wp-json\/wp\/v2\/posts"}],"about":[{"href":"https:\/\/diariodepernambuco.audiencelabs.com.br\/wp-json\/wp\/v2\/types\/post"}],"author":[{"embeddable":true,"href":"https:\/\/diariodepernambuco.audiencelabs.com.br\/wp-json\/wp\/v2\/users\/4"}],"replies":[{"embeddable":true,"href":"https:\/\/diariodepernambuco.audiencelabs.com.br\/wp-json\/wp\/v2\/comments?post=472"}],"version-history":[{"count":4,"href":"https:\/\/diariodepernambuco.audiencelabs.com.br\/wp-json\/wp\/v2\/posts\/472\/revisions"}],"predecessor-version":[{"id":545,"href":"https:\/\/diariodepernambuco.audiencelabs.com.br\/wp-json\/wp\/v2\/posts\/472\/revisions\/545"}],"wp:featuredmedia":[{"embeddable":true,"href":"https:\/\/diariodepernambuco.audiencelabs.com.br\/wp-json\/wp\/v2\/media\/474"}],"wp:attachment":[{"href":"https:\/\/diariodepernambuco.audiencelabs.com.br\/wp-json\/wp\/v2\/media?parent=472"}],"wp:term":[{"taxonomy":"category","embeddable":true,"href":"https:\/\/diariodepernambuco.audiencelabs.com.br\/wp-json\/wp\/v2\/categories?post=472"},{"taxonomy":"post_tag","embeddable":true,"href":"https:\/\/diariodepernambuco.audiencelabs.com.br\/wp-json\/wp\/v2\/tags?post=472"}],"curies":[{"name":"wp","href":"https:\/\/api.w.org\/{rel}","templated":true}]}}