{"id":4776,"date":"2025-09-29T15:00:00","date_gmt":"2025-09-29T18:00:00","guid":{"rendered":"https:\/\/diariodepernambuco.audiencelabs.com.br\/?p=4776"},"modified":"2025-09-26T11:34:36","modified_gmt":"2025-09-26T14:34:36","slug":"esquilos-mandam-pessoas-pro-hospital-nos-eua","status":"publish","type":"post","link":"https:\/\/diariodepernambuco.audiencelabs.com.br\/esquilos-mandam-pessoas-pro-hospital-nos-eua\/","title":{"rendered":"Esquilos mandam pessoas pro hospital nos EUA"},"content":{"rendered":"\n<p>A cidade de San Rafael, na Calif\u00f3rnia, nos Estados Unidos, enfrenta uma situa\u00e7\u00e3o incomum e preocupante: um esquilo agressivo tem atacado moradores durante o dia, enviando pelo menos duas pessoas ao pronto-socorro. O caso, que mobilizou autoridades locais e organiza\u00e7\u00f5es de prote\u00e7\u00e3o animal, ganhou destaque ap\u00f3s relatos das v\u00edtimas e a distribui\u00e7\u00e3o de panfletos de alerta.<\/p>\n\n\n\n<p>A primeira v\u00edtima foi Joan Heblack, que caminhava pelo bairro de Lucas Valley quando o roedor surgiu de forma inesperada: &#8220;Ele agarrou na minha perna. O rabo estava voando para cima. Eu fiquei tipo: \u2018Tira isso de mim, tira isso de mim!'&#8221;. O ataque resultou em arranh\u00f5es e mordidas que necessitaram de atendimento hospitalar.<\/p>\n\n\n\n<p>Outra v\u00edtima foi Isabel Campoy, que passeava com a sobrinha Carmen pela mesma \u00e1rea. De acordo com ela, o esquilo saltou em dire\u00e7\u00e3o ao rosto, mas acabou se prendendo ao seu bra\u00e7o. Segundo seu relato, quando ele finalmente saiu de cima dela, ela j\u00e1 &#8220;estava coberta de sangue&#8221;.<\/p>\n\n\n\n<p>Moradores relatam que o roedor, descrito como de cor dourada, j\u00e1 atacou pelo menos cinco pessoas. Panfletos distribu\u00eddos pelo bairro alertam sobre um \u201cesquilo muito agressivo\u201d que \u201caparece do nada\u201d. Especialistas consultados pela Associated Press (AP) afirmam que esse tipo de comportamento n\u00e3o \u00e9 incomum e pode estar relacionado ao h\u00e1bito de alimentar animais silvestres.<\/p>\n\n\n\n<h2 class=\"wp-block-heading\">Esquilos na Calif\u00f3rnia est\u00e3o trocando nozes por ratos<\/h2>\n\n\n\n<p>Os esquilos-terrestres da Calif\u00f3rnia foram observados ca\u00e7ando, matando e se alimentando de ratazanas. Esse comportamento, presente em grande parte da popula\u00e7\u00e3o, foi detalhado em um estudo conduzido por pesquisadores da Universidade de Wisconsin em Eau Claire e da Universidade da Calif\u00f3rnia em Davis, publicado no peri\u00f3dico Journal of Ethology.<\/p>\n\n\n\n<p>Antes dessas observa\u00e7\u00f5es, os esquilos eram considerados gran\u00edvoros, alimentando-se principalmente de sementes e gr\u00e3os. Hoje, sabe-se que s\u00e3o on\u00edvoros oportunistas, consumindo qualquer alimento dispon\u00edvel quando est\u00e3o com fome, revelando uma dieta muito mais flex\u00edvel e complexa do que se imaginava.<\/p>\n","protected":false},"excerpt":{"rendered":"<p>A cidade de San Rafael, na Calif\u00f3rnia, nos Estados Unidos, enfrenta uma situa\u00e7\u00e3o incomum e preocupante: um esquilo agressivo tem atacado moradores durante o dia, enviando pelo menos duas pessoas ao pronto-socorro. O caso, que mobilizou autoridades locais e organiza\u00e7\u00f5es de prote\u00e7\u00e3o animal, ganhou destaque ap\u00f3s relatos das v\u00edtimas e a distribui\u00e7\u00e3o de panfletos de [&hellip;]<\/p>\n","protected":false},"author":4,"featured_media":4778,"comment_status":"open","ping_status":"open","sticky":false,"template":"","format":"standard","meta":{"jnews-multi-image_gallery":[],"jnews_single_post":{"format":"standard"},"jnews_primary_category":[],"jnews_social_meta":[],"jnews_post_split":[],"footnotes":""},"categories":[1],"tags":[],"class_list":["post-4776","post","type-post","status-publish","format-standard","has-post-thumbnail","hentry","category-uncategorized"],"_links":{"self":[{"href":"https:\/\/diariodepernambuco.audiencelabs.com.br\/wp-json\/wp\/v2\/posts\/4776","targetHints":{"allow":["GET"]}}],"collection":[{"href":"https:\/\/diariodepernambuco.audiencelabs.com.br\/wp-json\/wp\/v2\/posts"}],"about":[{"href":"https:\/\/diariodepernambuco.audiencelabs.com.br\/wp-json\/wp\/v2\/types\/post"}],"author":[{"embeddable":true,"href":"https:\/\/diariodepernambuco.audiencelabs.com.br\/wp-json\/wp\/v2\/users\/4"}],"replies":[{"embeddable":true,"href":"https:\/\/diariodepernambuco.audiencelabs.com.br\/wp-json\/wp\/v2\/comments?post=4776"}],"version-history":[{"count":2,"href":"https:\/\/diariodepernambuco.audiencelabs.com.br\/wp-json\/wp\/v2\/posts\/4776\/revisions"}],"predecessor-version":[{"id":4779,"href":"https:\/\/diariodepernambuco.audiencelabs.com.br\/wp-json\/wp\/v2\/posts\/4776\/revisions\/4779"}],"wp:featuredmedia":[{"embeddable":true,"href":"https:\/\/diariodepernambuco.audiencelabs.com.br\/wp-json\/wp\/v2\/media\/4778"}],"wp:attachment":[{"href":"https:\/\/diariodepernambuco.audiencelabs.com.br\/wp-json\/wp\/v2\/media?parent=4776"}],"wp:term":[{"taxonomy":"category","embeddable":true,"href":"https:\/\/diariodepernambuco.audiencelabs.com.br\/wp-json\/wp\/v2\/categories?post=4776"},{"taxonomy":"post_tag","embeddable":true,"href":"https:\/\/diariodepernambuco.audiencelabs.com.br\/wp-json\/wp\/v2\/tags?post=4776"}],"curies":[{"name":"wp","href":"https:\/\/api.w.org\/{rel}","templated":true}]}}