{"id":4806,"date":"2025-09-27T22:21:00","date_gmt":"2025-09-28T01:21:00","guid":{"rendered":"https:\/\/diariodepernambuco.audiencelabs.com.br\/?p=4806"},"modified":"2025-09-26T15:13:57","modified_gmt":"2025-09-26T18:13:57","slug":"ator-da-globo-ressuscitou-em-carta-psicografada-apos-suicidio-afirma-portal","status":"publish","type":"post","link":"https:\/\/diariodepernambuco.audiencelabs.com.br\/ator-da-globo-ressuscitou-em-carta-psicografada-apos-suicidio-afirma-portal\/","title":{"rendered":"Ator da Globo \u201cressuscitou\u201d em carta psicografada ap\u00f3s suic\u00eddio, afirma portal"},"content":{"rendered":"\n<p>O ator Fl\u00e1vio Migliaccio, lembrado pelo p\u00fablico principalmente por interpretar o Seu Chalita em Tapas &amp; Beijos, faleceu em maio de 2020, aos 85 anos, ap\u00f3s cometer suic\u00eddio. Ele foi encontrado em seu s\u00edtio, em Rio Bonito (RJ). A causa da morte foi confirmada por seu \u00fanico filho, Marcelo, que relatou que o pai enfrentava uma depress\u00e3o profunda desde 2019.<\/p>\n\n\n\n<p>Uma carta psicografada in\u00e9dita, atribu\u00edda ao ator, foi recentemente divulgada pelo canal Espiritualista, no YouTube. No texto, Migliaccio fala sobre as circunst\u00e2ncias que o levaram ao gesto extremo e divide reflex\u00f5es sobre sua viv\u00eancia ap\u00f3s a morte.<\/p>\n\n\n\n<p>Antes de sua morte, o ator deixou um bilhete contundente, no qual fazia duras cr\u00edticas \u00e0 sociedade brasileira e \u00e0 maneira como os idosos s\u00e3o tratados: &#8220;Me desculpem, mas n\u00e3o deu mais. A velhice neste pa\u00eds \u00e9 o caos, como tudo aqui. A humanidade n\u00e3o deu certo. Eu tive a impress\u00e3o que foram 85 anos jogados fora\u2026 Num pa\u00eds como este&#8221;.<\/p>\n\n\n\n<p>Na carta psicografada, por\u00e9m, o ator adota um tom distinto e revela que seu prop\u00f3sito, agora, \u00e9 levar conforto a outras pessoas: &#8220;O prop\u00f3sito dessa carta \u00e9 compartilhar um pouco da luz que vem de Deus, bem como os conhecimentos que adquiri no plano em que me encontro. O prop\u00f3sito \u00e9 iluminar \u00e0queles que ainda est\u00e3o na escurid\u00e3o&#8221;.<\/p>\n\n\n\n<p>Ele tamb\u00e9m relata um encontro emocionante com a m\u00e3e: &#8220;J\u00e1 desconectado da vida terrena, lembro de uma senhora adentrando o quarto: era minha m\u00e3e. Nesse instante, uma enxurrada de mem\u00f3rias invadiu minha mente \u2014 os bolos, o caf\u00e9, os carinhos e afagos da minha inf\u00e2ncia. Minha m\u00e3e entrou lentamente, com um sorriso no rosto, e todo medo se dissipou&#8221;.<\/p>\n\n\n\n<p><\/p>\n","protected":false},"excerpt":{"rendered":"<p>O ator Fl\u00e1vio Migliaccio, lembrado pelo p\u00fablico principalmente por interpretar o Seu Chalita em Tapas &amp; Beijos, faleceu em maio de 2020, aos 85 anos, ap\u00f3s cometer suic\u00eddio. Ele foi encontrado em seu s\u00edtio, em Rio Bonito (RJ). A causa da morte foi confirmada por seu \u00fanico filho, Marcelo, que relatou que o pai enfrentava [&hellip;]<\/p>\n","protected":false},"author":4,"featured_media":4809,"comment_status":"open","ping_status":"open","sticky":false,"template":"","format":"standard","meta":{"jnews-multi-image_gallery":[],"jnews_single_post":{"format":"standard"},"jnews_primary_category":[],"jnews_social_meta":[],"jnews_post_split":[],"footnotes":""},"categories":[1],"tags":[],"class_list":["post-4806","post","type-post","status-publish","format-standard","has-post-thumbnail","hentry","category-uncategorized"],"_links":{"self":[{"href":"https:\/\/diariodepernambuco.audiencelabs.com.br\/wp-json\/wp\/v2\/posts\/4806","targetHints":{"allow":["GET"]}}],"collection":[{"href":"https:\/\/diariodepernambuco.audiencelabs.com.br\/wp-json\/wp\/v2\/posts"}],"about":[{"href":"https:\/\/diariodepernambuco.audiencelabs.com.br\/wp-json\/wp\/v2\/types\/post"}],"author":[{"embeddable":true,"href":"https:\/\/diariodepernambuco.audiencelabs.com.br\/wp-json\/wp\/v2\/users\/4"}],"replies":[{"embeddable":true,"href":"https:\/\/diariodepernambuco.audiencelabs.com.br\/wp-json\/wp\/v2\/comments?post=4806"}],"version-history":[{"count":3,"href":"https:\/\/diariodepernambuco.audiencelabs.com.br\/wp-json\/wp\/v2\/posts\/4806\/revisions"}],"predecessor-version":[{"id":4811,"href":"https:\/\/diariodepernambuco.audiencelabs.com.br\/wp-json\/wp\/v2\/posts\/4806\/revisions\/4811"}],"wp:featuredmedia":[{"embeddable":true,"href":"https:\/\/diariodepernambuco.audiencelabs.com.br\/wp-json\/wp\/v2\/media\/4809"}],"wp:attachment":[{"href":"https:\/\/diariodepernambuco.audiencelabs.com.br\/wp-json\/wp\/v2\/media?parent=4806"}],"wp:term":[{"taxonomy":"category","embeddable":true,"href":"https:\/\/diariodepernambuco.audiencelabs.com.br\/wp-json\/wp\/v2\/categories?post=4806"},{"taxonomy":"post_tag","embeddable":true,"href":"https:\/\/diariodepernambuco.audiencelabs.com.br\/wp-json\/wp\/v2\/tags?post=4806"}],"curies":[{"name":"wp","href":"https:\/\/api.w.org\/{rel}","templated":true}]}}