{"id":4812,"date":"2025-09-27T21:10:00","date_gmt":"2025-09-28T00:10:00","guid":{"rendered":"https:\/\/diariodepernambuco.audiencelabs.com.br\/?p=4812"},"modified":"2025-09-26T15:24:14","modified_gmt":"2025-09-26T18:24:14","slug":"neymar-foi-pego-no-flagra-com-biancardi-em-culto-religioso","status":"publish","type":"post","link":"https:\/\/diariodepernambuco.audiencelabs.com.br\/neymar-foi-pego-no-flagra-com-biancardi-em-culto-religioso\/","title":{"rendered":"Neymar foi pego no flagra com Biancardi em culto religioso"},"content":{"rendered":"\n<p>Se recuperando de mais um problema f\u00edsico, o astro Neymar foi destaque nas redes sociais na noite da \u00faltima quinta-feira (25) ao lado da esposa Bruna Biancardi ap\u00f3s a circula\u00e7\u00e3o de um v\u00eddeo em que os dois aparecem em um culto religioso. A grava\u00e7\u00e3o, que mostra o casal participando da celebra\u00e7\u00e3o, viralizou rapidamente e alcan\u00e7ou quase 250 mil visualiza\u00e7\u00f5es em poucas horas.<\/p>\n\n\n\n<p>&#8220;Do nada o Neymar aqui na igreja&#8221;, escreveu a pessoa que publicou o registro. O epis\u00f3dio chamou aten\u00e7\u00e3o pela presen\u00e7a inesperada do jogador em um momento de f\u00e9. A repercuss\u00e3o foi imediata, com rea\u00e7\u00f5es diversas nas redes sociais: enquanto alguns internautas criticaram, alegando que tudo na vida de Neymar seria estrat\u00e9gia de marketing pessoal, outros viram o gesto de forma positiva.<\/p>\n\n\n\n<p>&#8220;O povo criticando sei l\u00e1 porque o cara no culto, enquanto uma pessoa que t\u00e1 no mesmo culto, n\u00e3o respeita nada. Sei l\u00e1 se \u00e9 pela cria\u00e7\u00e3o cat\u00f3lica, mas para mim voc\u00ea chega numa igreja e ali todo mundo \u00e9 igual, a ideia \u00e9 acolhimento, etc. Tanto faz se voc\u00ea \u00e9 famoso ou n\u00e3o&#8221;, disse um internauta.<\/p>\n\n\n\n<p>Entre os coment\u00e1rios, uma opini\u00e3o recorrente foi a de que nem mesmo na igreja Neymar consegue ter tranquilidade, j\u00e1 que a fama acaba impedindo momentos simples de privacidade. Neymar e Bruna Biancardi iniciaram seu relacionamento em 2021, tornando-o p\u00fablico em janeiro de 2022. Eles s\u00e3o pais de Mavie, de quase dois anos, e Mel, nascida em julho de 2025.<\/p>\n\n\n\n<h2 class=\"wp-block-heading\">Neymar compartilhou momento fofo da fam\u00edlia<\/h2>\n\n\n\n<p>Neymar registrou um momento fofo da companheira, Bruna Biancardi, com a filha mais velha do casal, Mavie. As duas foram filmadas interagindo durante uma dan\u00e7a que a menina curtia, acompanhando uma programa\u00e7\u00e3o na TV.<\/p>\n\n\n\n<p>Nesta sexta-feira (26), o jogador compartilhou as imagens nos Stories do Instagram, mostrando que a filha tem ritmo e adora se mexer ao som da m\u00fasica. Recentemente, Neymar conquistou a web ao aparecer sendo \u201cmaquiado\u201d por Mavie, que estava fantasiada de Branca de Neve.<\/p>\n\n\n\n<p><\/p>\n","protected":false},"excerpt":{"rendered":"<p>Se recuperando de mais um problema f\u00edsico, o astro Neymar foi destaque nas redes sociais na noite da \u00faltima quinta-feira (25) ao lado da esposa Bruna Biancardi ap\u00f3s a circula\u00e7\u00e3o de um v\u00eddeo em que os dois aparecem em um culto religioso. A grava\u00e7\u00e3o, que mostra o casal participando da celebra\u00e7\u00e3o, viralizou rapidamente e alcan\u00e7ou [&hellip;]<\/p>\n","protected":false},"author":4,"featured_media":4814,"comment_status":"open","ping_status":"open","sticky":false,"template":"","format":"standard","meta":{"jnews-multi-image_gallery":[],"jnews_single_post":{"format":"standard"},"jnews_primary_category":[],"jnews_social_meta":[],"jnews_post_split":[],"footnotes":""},"categories":[1],"tags":[],"class_list":["post-4812","post","type-post","status-publish","format-standard","has-post-thumbnail","hentry","category-uncategorized"],"_links":{"self":[{"href":"https:\/\/diariodepernambuco.audiencelabs.com.br\/wp-json\/wp\/v2\/posts\/4812","targetHints":{"allow":["GET"]}}],"collection":[{"href":"https:\/\/diariodepernambuco.audiencelabs.com.br\/wp-json\/wp\/v2\/posts"}],"about":[{"href":"https:\/\/diariodepernambuco.audiencelabs.com.br\/wp-json\/wp\/v2\/types\/post"}],"author":[{"embeddable":true,"href":"https:\/\/diariodepernambuco.audiencelabs.com.br\/wp-json\/wp\/v2\/users\/4"}],"replies":[{"embeddable":true,"href":"https:\/\/diariodepernambuco.audiencelabs.com.br\/wp-json\/wp\/v2\/comments?post=4812"}],"version-history":[{"count":3,"href":"https:\/\/diariodepernambuco.audiencelabs.com.br\/wp-json\/wp\/v2\/posts\/4812\/revisions"}],"predecessor-version":[{"id":4816,"href":"https:\/\/diariodepernambuco.audiencelabs.com.br\/wp-json\/wp\/v2\/posts\/4812\/revisions\/4816"}],"wp:featuredmedia":[{"embeddable":true,"href":"https:\/\/diariodepernambuco.audiencelabs.com.br\/wp-json\/wp\/v2\/media\/4814"}],"wp:attachment":[{"href":"https:\/\/diariodepernambuco.audiencelabs.com.br\/wp-json\/wp\/v2\/media?parent=4812"}],"wp:term":[{"taxonomy":"category","embeddable":true,"href":"https:\/\/diariodepernambuco.audiencelabs.com.br\/wp-json\/wp\/v2\/categories?post=4812"},{"taxonomy":"post_tag","embeddable":true,"href":"https:\/\/diariodepernambuco.audiencelabs.com.br\/wp-json\/wp\/v2\/tags?post=4812"}],"curies":[{"name":"wp","href":"https:\/\/api.w.org\/{rel}","templated":true}]}}