{"id":4851,"date":"2025-09-28T12:30:00","date_gmt":"2025-09-28T15:30:00","guid":{"rendered":"https:\/\/diariodepernambuco.audiencelabs.com.br\/?p=4851"},"modified":"2025-09-28T14:35:29","modified_gmt":"2025-09-28T17:35:29","slug":"cancelado-pix-nao-vai-mais-acontecer-no-brasil","status":"publish","type":"post","link":"https:\/\/diariodepernambuco.audiencelabs.com.br\/cancelado-pix-nao-vai-mais-acontecer-no-brasil\/","title":{"rendered":"Cancelado! Esse tipo de Pix n\u00e3o vai mais acontecer no Brasil"},"content":{"rendered":"\n<p>O Banco Central decidiu adiar o lan\u00e7amento do Pix parcelado, funcionalidade em desenvolvimento, para priorizar medidas voltadas ao fortalecimento da seguran\u00e7a do sistema financeiro. Inicialmente prevista para ser disponibilizada ainda neste m\u00eas, a novidade ficou em segundo plano diante da necessidade de reduzir vulnerabilidades com maior urg\u00eancia.<\/p>\n\n\n\n<p>De acordo com o jornal O Globo, o desenvolvimento da nova funcionalidade j\u00e1 se encontra em etapa final, por\u00e9m o Banco Central prefere avan\u00e7ar com cautela para alinhar as novas regras aos modelos de parcelamento via Pix j\u00e1 implementados pelas institui\u00e7\u00f5es financeiras.<\/p>\n\n\n\n<p>A proposta do novo produto \u00e9 padronizar as modalidades de cr\u00e9dito via Pix j\u00e1 oferecidas no mercado. Nesse modelo, o cliente realiza o pagamento de forma parcelada por meio de um empr\u00e9stimo contratado imediatamente com o banco, enquanto o recebedor recebe o valor integral de forma instant\u00e2nea.<\/p>\n\n\n\n<p>No cronograma mais recente divulgado pelo Banco Central ao mercado, no fim de junho, estava previsto que o regulamento do Pix parcelado, assim como os manuais relacionados ao produto \u2014 incluindo o de experi\u00eancia do usu\u00e1rio \u2014 seriam publicados em setembro. Nesse mesmo m\u00eas teria in\u00edcio o per\u00edodo de coexist\u00eancia com os modelos privados, programado para se estender at\u00e9 mar\u00e7o de 2026.<\/p>\n\n\n\n<h2 class=\"wp-block-heading\">Os principais pontos sobre o Pix Parcelado<\/h2>\n\n\n\n<p><strong>O que \u00e9:<\/strong><\/p>\n\n\n\n<ul class=\"wp-block-list\">\n<li>Nova funcionalidade em desenvolvimento pelo Banco Central que permitir\u00e1 ao usu\u00e1rio realizar pagamentos via Pix de forma parcelada.<\/li>\n<\/ul>\n\n\n\n<p><strong>Objetivo:<\/strong><\/p>\n\n\n\n<ul class=\"wp-block-list\">\n<li>Padronizar as solu\u00e7\u00f5es de cr\u00e9dito no Pix que j\u00e1 existem hoje no mercado, oferecidas por bancos e fintechs.<\/li>\n<\/ul>\n\n\n\n<p><strong>Como funciona:<\/strong><\/p>\n\n\n\n<ul class=\"wp-block-list\">\n<li>O cliente escolhe pagar em parcelas.<\/li>\n\n\n\n<li>Um empr\u00e9stimo \u00e9 contratado automaticamente junto ao banco no momento da transa\u00e7\u00e3o.<\/li>\n\n\n\n<li>O recebedor recebe o valor integral do pagamento imediatamente.<\/li>\n<\/ul>\n\n\n\n<p><strong>Seguran\u00e7a:<\/strong><\/p>\n\n\n\n<ul class=\"wp-block-list\">\n<li>O Banco Central adiou o lan\u00e7amento para priorizar medidas de fortalecimento do sistema financeiro e reduzir vulnerabilidades.<\/li>\n<\/ul>\n\n\n\n<p><strong>Fase de desenvolvimento:<\/strong><\/p>\n\n\n\n<ul class=\"wp-block-list\">\n<li>O projeto j\u00e1 est\u00e1 em etapa final, mas ainda passa por ajustes para equilibrar regras do BC com os modelos de parcelamento j\u00e1 criados pelas institui\u00e7\u00f5es financeiras.<\/li>\n<\/ul>\n\n\n\n<p><strong>Calend\u00e1rio previsto:<\/strong><\/p>\n\n\n\n<ul class=\"wp-block-list\">\n<li>Regulamento e manuais (incluindo de experi\u00eancia do usu\u00e1rio) estavam programados para setembro de 2025.<\/li>\n\n\n\n<li>Per\u00edodo de coexist\u00eancia com os modelos privados iria at\u00e9 mar\u00e7o de 2026.<\/li>\n<\/ul>\n\n\n\n<p><strong>Impacto esperado:<\/strong><\/p>\n\n\n\n<ul class=\"wp-block-list\">\n<li>Maior acesso ao cr\u00e9dito por meio do Pix.<\/li>\n\n\n\n<li>Uniformiza\u00e7\u00e3o das regras, trazendo mais transpar\u00eancia e seguran\u00e7a para consumidores e lojistas.<\/li>\n<\/ul>\n\n\n\n<p><\/p>\n","protected":false},"excerpt":{"rendered":"<p>O Banco Central decidiu adiar o lan\u00e7amento do Pix parcelado, funcionalidade em desenvolvimento, para priorizar medidas voltadas ao fortalecimento da seguran\u00e7a do sistema financeiro. Inicialmente prevista para ser disponibilizada ainda neste m\u00eas, a novidade ficou em segundo plano diante da necessidade de reduzir vulnerabilidades com maior urg\u00eancia. De acordo com o jornal O Globo, o [&hellip;]<\/p>\n","protected":false},"author":4,"featured_media":2544,"comment_status":"open","ping_status":"open","sticky":false,"template":"","format":"standard","meta":{"jnews-multi-image_gallery":[],"jnews_single_post":{"format":"standard"},"jnews_primary_category":[],"jnews_social_meta":[],"jnews_post_split":[],"footnotes":""},"categories":[1],"tags":[],"class_list":["post-4851","post","type-post","status-publish","format-standard","has-post-thumbnail","hentry","category-uncategorized"],"_links":{"self":[{"href":"https:\/\/diariodepernambuco.audiencelabs.com.br\/wp-json\/wp\/v2\/posts\/4851","targetHints":{"allow":["GET"]}}],"collection":[{"href":"https:\/\/diariodepernambuco.audiencelabs.com.br\/wp-json\/wp\/v2\/posts"}],"about":[{"href":"https:\/\/diariodepernambuco.audiencelabs.com.br\/wp-json\/wp\/v2\/types\/post"}],"author":[{"embeddable":true,"href":"https:\/\/diariodepernambuco.audiencelabs.com.br\/wp-json\/wp\/v2\/users\/4"}],"replies":[{"embeddable":true,"href":"https:\/\/diariodepernambuco.audiencelabs.com.br\/wp-json\/wp\/v2\/comments?post=4851"}],"version-history":[{"count":3,"href":"https:\/\/diariodepernambuco.audiencelabs.com.br\/wp-json\/wp\/v2\/posts\/4851\/revisions"}],"predecessor-version":[{"id":4882,"href":"https:\/\/diariodepernambuco.audiencelabs.com.br\/wp-json\/wp\/v2\/posts\/4851\/revisions\/4882"}],"wp:featuredmedia":[{"embeddable":true,"href":"https:\/\/diariodepernambuco.audiencelabs.com.br\/wp-json\/wp\/v2\/media\/2544"}],"wp:attachment":[{"href":"https:\/\/diariodepernambuco.audiencelabs.com.br\/wp-json\/wp\/v2\/media?parent=4851"}],"wp:term":[{"taxonomy":"category","embeddable":true,"href":"https:\/\/diariodepernambuco.audiencelabs.com.br\/wp-json\/wp\/v2\/categories?post=4851"},{"taxonomy":"post_tag","embeddable":true,"href":"https:\/\/diariodepernambuco.audiencelabs.com.br\/wp-json\/wp\/v2\/tags?post=4851"}],"curies":[{"name":"wp","href":"https:\/\/api.w.org\/{rel}","templated":true}]}}