{"id":4855,"date":"2025-09-28T19:50:00","date_gmt":"2025-09-28T22:50:00","guid":{"rendered":"https:\/\/diariodepernambuco.audiencelabs.com.br\/?p=4855"},"modified":"2025-09-28T11:57:53","modified_gmt":"2025-09-28T14:57:53","slug":"saque-de-r-200-foi-liberado-para-milhoes-de-brasileiros","status":"publish","type":"post","link":"https:\/\/diariodepernambuco.audiencelabs.com.br\/saque-de-r-200-foi-liberado-para-milhoes-de-brasileiros\/","title":{"rendered":"Dep\u00f3sito de R$ 200 foi liberado para milh\u00f5es de brasileiros"},"content":{"rendered":"\n<p>O governo federal inicia nesta semana o dep\u00f3sito das parcelas de setembro do programa P\u00e9-de-Meia, que oferece R$ 200 mensais a estudantes do ensino m\u00e9dio da rede p\u00fablica. Coordenada pelo Minist\u00e9rio da Educa\u00e7\u00e3o (MEC), a iniciativa atende 3,4 milh\u00f5es de alunos que mant\u00eam frequ\u00eancia m\u00ednima de 80% nas aulas.<\/p>\n\n\n\n<p>Os repasses ser\u00e3o feitos at\u00e9 dezembro em contas digitais abertas pela Caixa Econ\u00f4mica Federal, com o objetivo de incentivar a perman\u00eancia dos jovens na escola e reduzir a evas\u00e3o escolar. De acordo com o MEC, a evas\u00e3o escolar no ensino m\u00e9dio \u00e9 um dos maiores desafios do pa\u00eds.<\/p>\n\n\n\n<p>Muitos jovens abandonam os estudos para entrar precocemente no mercado de trabalho, o que acaba prejudicando o desenvolvimento social e econ\u00f4mico. Ao oferecer um apoio financeiro mensal, o programa busca reduzir parte das dificuldades enfrentadas pelas fam\u00edlias, facilitando a perman\u00eancia dos estudantes na escola.<\/p>\n\n\n\n<p>Os dep\u00f3sitos referentes \u00e0 frequ\u00eancia escolar come\u00e7am no dia 29 de setembro e seguem um cronograma escalonado de acordo com o m\u00eas de nascimento do estudante. Os \u00faltimos a receberem o valor ser\u00e3o os nascidos entre novembro e dezembro, que ter\u00e3o creditados o valor entre os dias 4 e 11 de outubro.<\/p>\n\n\n\n<h2 class=\"wp-block-heading\">Datas definidas para setembro e outubro<\/h2>\n\n\n\n<ul class=\"wp-block-list\">\n<li>Janeiro e fevereiro: 29 de setembro a 6 de outubro<\/li>\n\n\n\n<li>Mar\u00e7o e abril: 30 de setembro a 7 de outubro<\/li>\n\n\n\n<li>Maio e junho: 1\u00ba a 8 de outubro<\/li>\n\n\n\n<li>Julho e agosto: 2 a 9 de outubro<\/li>\n\n\n\n<li>Setembro e outubro: 3 a 10 de outubro<\/li>\n\n\n\n<li>Novembro e dezembro: 4 a 11 de outubro<\/li>\n<\/ul>\n\n\n\n<h2 class=\"wp-block-heading\">O que \u00e9 o P\u00e9-de-Meia?<\/h2>\n\n\n\n<p>O P\u00e9-de-Meia \u00e9 um programa do governo federal, criado e coordenado pelo Minist\u00e9rio da Educa\u00e7\u00e3o (MEC), que funciona como uma esp\u00e9cie de poupan\u00e7a estudantil para incentivar a perman\u00eancia de jovens no ensino m\u00e9dio p\u00fablico.<\/p>\n\n\n\n<ul class=\"wp-block-list\">\n<li>Objetivo: reduzir a evas\u00e3o escolar e estimular a conclus\u00e3o do ensino m\u00e9dio.<\/li>\n<\/ul>\n\n\n\n<ul class=\"wp-block-list\">\n<li>Benefici\u00e1rios: estudantes da rede p\u00fablica de ensino m\u00e9dio, em situa\u00e7\u00e3o de vulnerabilidade social.<\/li>\n<\/ul>\n\n\n\n<ul class=\"wp-block-list\">\n<li>Crit\u00e9rios: manter frequ\u00eancia m\u00ednima de 80% nas aulas e cumprir outras condi\u00e7\u00f5es estabelecidas pelo MEC.<\/li>\n<\/ul>\n\n\n\n<ul class=\"wp-block-list\">\n<li>Valor: os alunos recebem R$ 200 por m\u00eas, depositados em conta digital aberta pela Caixa Econ\u00f4mica Federal.<\/li>\n<\/ul>\n\n\n\n<ul class=\"wp-block-list\">\n<li>Forma de incentivo: funciona como uma renda extra para ajudar nas despesas das fam\u00edlias e tornar a continuidade escolar mais acess\u00edvel.<\/li>\n<\/ul>\n\n\n\n<ul class=\"wp-block-list\">\n<li>Dura\u00e7\u00e3o: os repasses seguem ao longo do ano letivo, com parcelas mensais at\u00e9 dezembro.<\/li>\n<\/ul>\n\n\n\n<p><\/p>\n","protected":false},"excerpt":{"rendered":"<p>O governo federal inicia nesta semana o dep\u00f3sito das parcelas de setembro do programa P\u00e9-de-Meia, que oferece R$ 200 mensais a estudantes do ensino m\u00e9dio da rede p\u00fablica. Coordenada pelo Minist\u00e9rio da Educa\u00e7\u00e3o (MEC), a iniciativa atende 3,4 milh\u00f5es de alunos que mant\u00eam frequ\u00eancia m\u00ednima de 80% nas aulas. Os repasses ser\u00e3o feitos at\u00e9 dezembro [&hellip;]<\/p>\n","protected":false},"author":4,"featured_media":1536,"comment_status":"open","ping_status":"open","sticky":false,"template":"","format":"standard","meta":{"jnews-multi-image_gallery":[],"jnews_single_post":{"format":"standard"},"jnews_primary_category":[],"jnews_social_meta":[],"jnews_post_split":[],"footnotes":""},"categories":[1],"tags":[],"class_list":["post-4855","post","type-post","status-publish","format-standard","has-post-thumbnail","hentry","category-uncategorized"],"_links":{"self":[{"href":"https:\/\/diariodepernambuco.audiencelabs.com.br\/wp-json\/wp\/v2\/posts\/4855","targetHints":{"allow":["GET"]}}],"collection":[{"href":"https:\/\/diariodepernambuco.audiencelabs.com.br\/wp-json\/wp\/v2\/posts"}],"about":[{"href":"https:\/\/diariodepernambuco.audiencelabs.com.br\/wp-json\/wp\/v2\/types\/post"}],"author":[{"embeddable":true,"href":"https:\/\/diariodepernambuco.audiencelabs.com.br\/wp-json\/wp\/v2\/users\/4"}],"replies":[{"embeddable":true,"href":"https:\/\/diariodepernambuco.audiencelabs.com.br\/wp-json\/wp\/v2\/comments?post=4855"}],"version-history":[{"count":2,"href":"https:\/\/diariodepernambuco.audiencelabs.com.br\/wp-json\/wp\/v2\/posts\/4855\/revisions"}],"predecessor-version":[{"id":4858,"href":"https:\/\/diariodepernambuco.audiencelabs.com.br\/wp-json\/wp\/v2\/posts\/4855\/revisions\/4858"}],"wp:featuredmedia":[{"embeddable":true,"href":"https:\/\/diariodepernambuco.audiencelabs.com.br\/wp-json\/wp\/v2\/media\/1536"}],"wp:attachment":[{"href":"https:\/\/diariodepernambuco.audiencelabs.com.br\/wp-json\/wp\/v2\/media?parent=4855"}],"wp:term":[{"taxonomy":"category","embeddable":true,"href":"https:\/\/diariodepernambuco.audiencelabs.com.br\/wp-json\/wp\/v2\/categories?post=4855"},{"taxonomy":"post_tag","embeddable":true,"href":"https:\/\/diariodepernambuco.audiencelabs.com.br\/wp-json\/wp\/v2\/tags?post=4855"}],"curies":[{"name":"wp","href":"https:\/\/api.w.org\/{rel}","templated":true}]}}