{"id":4872,"date":"2025-09-29T19:30:00","date_gmt":"2025-09-29T22:30:00","guid":{"rendered":"https:\/\/diariodepernambuco.audiencelabs.com.br\/?p=4872"},"modified":"2025-09-28T12:27:14","modified_gmt":"2025-09-28T15:27:14","slug":"praias-da-america-latina-estao-sob-ameaca","status":"publish","type":"post","link":"https:\/\/diariodepernambuco.audiencelabs.com.br\/praias-da-america-latina-estao-sob-ameaca\/","title":{"rendered":"Praias da Am\u00e9rica Latina est\u00e3o sob amea\u00e7a"},"content":{"rendered":"\n<p>As imagens da cidade litor\u00e2nea de Atafona, no Rio de Janeiro, alertam para um perigo que amea\u00e7a toda a Am\u00e9rica Latina. Parte da cidade foi engolida pelo mar \u2014 mais de 500 casas e um pr\u00e9dio foram perdidos, enquanto moradores abandonam suas resid\u00eancias.<\/p>\n\n\n\n<p>Ao longo da costa latino-americana, a for\u00e7a do oceano avan\u00e7a, alterando limites tradicionais e destruindo infraestruturas, resid\u00eancias, resorts e ecossistemas. Todos os pa\u00edses da regi\u00e3o enfrentam algum grau de eros\u00e3o costeira. Al\u00e9m das tempestades e furac\u00f5es cada vez mais intensos, ligados \u00e0s mudan\u00e7as clim\u00e1ticas e \u00e0 eleva\u00e7\u00e3o do n\u00edvel do mar, a a\u00e7\u00e3o humana tamb\u00e9m contribui para o fen\u00f4meno.<\/p>\n\n\n\n<p>Na praia de Re\u00f1aca, no Chile, ondas gigantes causam eros\u00e3o \u2014 Foto: Centro UC Observatorio de la Costa<\/p>\n\n\n\n<p>De acordo com Gustavo Barrantes, presidente da Rede Latino-Americana de Eros\u00e3o Costeira (Relaec), esse fen\u00f4meno \u201cinterfere na din\u00e2mica costeira, torna o ecossistema mais vulner\u00e1vel e, em conjunto, eleva as taxas de eros\u00e3o que antes ocorriam naturalmente. Tamb\u00e9m observamos um aumento na frequ\u00eancia de ondas severas\u201d.<\/p>\n\n\n\n<p>Al\u00e9m disso, muitas praias da Am\u00e9rica Latina est\u00e3o localizadas em regi\u00f5es de atividade tect\u00f4nica, devido ao movimento das placas que formam a crosta terrestre. Ciclones tropicais e furac\u00f5es, comuns no Caribe e no Golfo do M\u00e9xico, tamb\u00e9m contribuem para o desgaste costeiro.<\/p>\n\n\n\n<h2 class=\"wp-block-heading\">O que pode ser feito para evitar a eros\u00e3o nas praias?<\/h2>\n\n\n\n<p>Para prevenir ou reduzir a eros\u00e3o costeira, v\u00e1rias estrat\u00e9gias podem ser adotadas, combinando solu\u00e7\u00f5es naturais e estruturais. Aqui est\u00e3o as principais:<\/p>\n\n\n\n<ol class=\"wp-block-list\">\n<li>Prote\u00e7\u00e3o natural<\/li>\n<\/ol>\n\n\n\n<ul class=\"wp-block-list\">\n<li>Recupera\u00e7\u00e3o de dunas e vegeta\u00e7\u00e3o nativa: Plantar vegeta\u00e7\u00e3o costeira ajuda a estabilizar a areia e reduzir o impacto das ondas.<\/li>\n\n\n\n<li>Recifes de corais e bancos de areia: Funcionam como barreiras naturais, diminuindo a for\u00e7a das ondas que atingem a praia.<\/li>\n<\/ul>\n\n\n\n<ol start=\"2\" class=\"wp-block-list\">\n<li>Estruturas de engenharia<\/li>\n<\/ol>\n\n\n\n<ul class=\"wp-block-list\">\n<li>Quebra-mares e molhes: Barreiras constru\u00eddas no mar para reduzir a energia das ondas antes que atinjam a costa.<\/li>\n\n\n\n<li>Refor\u00e7o de praias com areia (enchimento ou \u201cbeach nourishment\u201d): Acrescentar areia para compensar a perda causada pela eros\u00e3o.<\/li>\n\n\n\n<li>Muros de conten\u00e7\u00e3o (seawalls): Estruturas constru\u00eddas na orla para proteger \u00e1reas urbanizadas, mas devem ser usadas com cautela, pois podem agravar a eros\u00e3o em locais vizinhos.<\/li>\n<\/ul>\n\n\n\n<ol start=\"3\" class=\"wp-block-list\">\n<li>Planejamento urbano e uso sustent\u00e1vel<\/li>\n<\/ol>\n\n\n\n<ul class=\"wp-block-list\">\n<li>Restri\u00e7\u00f5es \u00e0 ocupa\u00e7\u00e3o costeira: Evitar constru\u00e7\u00f5es muito pr\u00f3ximas da praia.<\/li>\n\n\n\n<li>Controle da drenagem urbana e escoamento de rios: Evita que a \u00e1gua corrente leve sedimentos e agrave a eros\u00e3o.<\/li>\n<\/ul>\n\n\n\n<ol start=\"4\" class=\"wp-block-list\">\n<li>Monitoramento e conscientiza\u00e7\u00e3o<\/li>\n<\/ol>\n\n\n\n<ul class=\"wp-block-list\">\n<li>Monitoramento cont\u00ednuo da linha costeira: Permite identificar \u00e1reas cr\u00edticas e agir preventivamente.<\/li>\n\n\n\n<li>Educa\u00e7\u00e3o ambiental: Informar comunidades sobre os impactos da eros\u00e3o e como preservar a orla.<\/li>\n<\/ul>\n\n\n\n<p><\/p>\n","protected":false},"excerpt":{"rendered":"<p>As imagens da cidade litor\u00e2nea de Atafona, no Rio de Janeiro, alertam para um perigo que amea\u00e7a toda a Am\u00e9rica Latina. Parte da cidade foi engolida pelo mar \u2014 mais de 500 casas e um pr\u00e9dio foram perdidos, enquanto moradores abandonam suas resid\u00eancias. Ao longo da costa latino-americana, a for\u00e7a do oceano avan\u00e7a, alterando limites [&hellip;]<\/p>\n","protected":false},"author":4,"featured_media":4874,"comment_status":"open","ping_status":"open","sticky":false,"template":"","format":"standard","meta":{"jnews-multi-image_gallery":[],"jnews_single_post":{"format":"standard"},"jnews_primary_category":[],"jnews_social_meta":[],"jnews_post_split":[],"footnotes":""},"categories":[1],"tags":[],"class_list":["post-4872","post","type-post","status-publish","format-standard","has-post-thumbnail","hentry","category-uncategorized"],"_links":{"self":[{"href":"https:\/\/diariodepernambuco.audiencelabs.com.br\/wp-json\/wp\/v2\/posts\/4872","targetHints":{"allow":["GET"]}}],"collection":[{"href":"https:\/\/diariodepernambuco.audiencelabs.com.br\/wp-json\/wp\/v2\/posts"}],"about":[{"href":"https:\/\/diariodepernambuco.audiencelabs.com.br\/wp-json\/wp\/v2\/types\/post"}],"author":[{"embeddable":true,"href":"https:\/\/diariodepernambuco.audiencelabs.com.br\/wp-json\/wp\/v2\/users\/4"}],"replies":[{"embeddable":true,"href":"https:\/\/diariodepernambuco.audiencelabs.com.br\/wp-json\/wp\/v2\/comments?post=4872"}],"version-history":[{"count":2,"href":"https:\/\/diariodepernambuco.audiencelabs.com.br\/wp-json\/wp\/v2\/posts\/4872\/revisions"}],"predecessor-version":[{"id":4876,"href":"https:\/\/diariodepernambuco.audiencelabs.com.br\/wp-json\/wp\/v2\/posts\/4872\/revisions\/4876"}],"wp:featuredmedia":[{"embeddable":true,"href":"https:\/\/diariodepernambuco.audiencelabs.com.br\/wp-json\/wp\/v2\/media\/4874"}],"wp:attachment":[{"href":"https:\/\/diariodepernambuco.audiencelabs.com.br\/wp-json\/wp\/v2\/media?parent=4872"}],"wp:term":[{"taxonomy":"category","embeddable":true,"href":"https:\/\/diariodepernambuco.audiencelabs.com.br\/wp-json\/wp\/v2\/categories?post=4872"},{"taxonomy":"post_tag","embeddable":true,"href":"https:\/\/diariodepernambuco.audiencelabs.com.br\/wp-json\/wp\/v2\/tags?post=4872"}],"curies":[{"name":"wp","href":"https:\/\/api.w.org\/{rel}","templated":true}]}}