{"id":4896,"date":"2025-09-30T10:30:00","date_gmt":"2025-09-30T13:30:00","guid":{"rendered":"https:\/\/diariodepernambuco.audiencelabs.com.br\/?p=4896"},"modified":"2025-09-29T10:05:06","modified_gmt":"2025-09-29T13:05:06","slug":"fim-dos-impostos-no-brasil-decisao-tomada-finalmente","status":"publish","type":"post","link":"https:\/\/diariodepernambuco.audiencelabs.com.br\/fim-dos-impostos-no-brasil-decisao-tomada-finalmente\/","title":{"rendered":"Fim dos impostos no Brasil? Decis\u00e3o tomada finalmente"},"content":{"rendered":"\n<p>O governo federal anunciou a isen\u00e7\u00e3o do imposto de importa\u00e7\u00e3o para 15 produtos considerados essenciais. A iniciativa visa reduzir o custo dos alimentos para os consumidores. A decis\u00e3o, aprovada pelo Comit\u00ea Executivo de Gest\u00e3o da C\u00e2mara de Com\u00e9rcio Exterior (Gecex-Camex), foi tomada durante a 229\u00aa reuni\u00e3o ordin\u00e1ria, realizada na \u00faltima ter\u00e7a-feira (23).<\/p>\n\n\n\n<p>A medida tem como objetivo fortalecer a competitividade industrial do pa\u00eds, facilitando o acesso a insumos essenciais para diferentes cadeias produtivas. Entre os itens contemplados pela redu\u00e7\u00e3o de tarifas est\u00e3o produtos n\u00e3o fabricados no Brasil, mas essenciais para setores industriais espec\u00edficos, como baterias de \u00edons de l\u00edtio, sistemas automatizados de ressuscita\u00e7\u00e3o, conectores el\u00e9tricos e tubos de a\u00e7o cromo-molibd\u00eanio.<\/p>\n\n\n\n<p>Antes da altera\u00e7\u00e3o, essas mercadorias estavam sujeitas a tarifas de at\u00e9 18%. Com as isen\u00e7\u00f5es, espera-se a redu\u00e7\u00e3o dos custos de produ\u00e7\u00e3o e o aumento da efici\u00eancia nas ind\u00fastrias nacionais. O efeito previsto \u00e9 a oferta de produtos finais mais competitivos, ampliando o acesso dos consumidores brasileiros a esses itens.<\/p>\n\n\n\n<p>Al\u00e9m do impacto nos custos industriais, a isen\u00e7\u00e3o do imposto de importa\u00e7\u00e3o tamb\u00e9m pode refletir na cadeia de consumo, tornando produtos essenciais mais acess\u00edveis \u00e0 popula\u00e7\u00e3o. Especialistas apontam que, embora a medida n\u00e3o signifique o fim de todos os impostos no Brasil, ela representa um passo importante para reduzir o peso tribut\u00e1rio sobre itens estrat\u00e9gicos e estimular a economia.<\/p>\n\n\n\n<p>O governo ressalta que a a\u00e7\u00e3o \u00e9 tempor\u00e1ria e poder\u00e1 ser revista conforme a evolu\u00e7\u00e3o do mercado e da produ\u00e7\u00e3o nacional, mantendo o equil\u00edbrio entre a prote\u00e7\u00e3o da ind\u00fastria local e a oferta de produtos a pre\u00e7os mais competitivos para os consumidores.<\/p>\n\n\n\n<p><\/p>\n","protected":false},"excerpt":{"rendered":"<p>O governo federal anunciou a isen\u00e7\u00e3o do imposto de importa\u00e7\u00e3o para 15 produtos considerados essenciais. A iniciativa visa reduzir o custo dos alimentos para os consumidores. A decis\u00e3o, aprovada pelo Comit\u00ea Executivo de Gest\u00e3o da C\u00e2mara de Com\u00e9rcio Exterior (Gecex-Camex), foi tomada durante a 229\u00aa reuni\u00e3o ordin\u00e1ria, realizada na \u00faltima ter\u00e7a-feira (23). A medida tem [&hellip;]<\/p>\n","protected":false},"author":4,"featured_media":4898,"comment_status":"open","ping_status":"open","sticky":false,"template":"","format":"standard","meta":{"jnews-multi-image_gallery":[],"jnews_single_post":[],"jnews_primary_category":[],"jnews_social_meta":[],"jnews_post_split":[],"footnotes":""},"categories":[1],"tags":[],"class_list":["post-4896","post","type-post","status-publish","format-standard","has-post-thumbnail","hentry","category-uncategorized"],"_links":{"self":[{"href":"https:\/\/diariodepernambuco.audiencelabs.com.br\/wp-json\/wp\/v2\/posts\/4896","targetHints":{"allow":["GET"]}}],"collection":[{"href":"https:\/\/diariodepernambuco.audiencelabs.com.br\/wp-json\/wp\/v2\/posts"}],"about":[{"href":"https:\/\/diariodepernambuco.audiencelabs.com.br\/wp-json\/wp\/v2\/types\/post"}],"author":[{"embeddable":true,"href":"https:\/\/diariodepernambuco.audiencelabs.com.br\/wp-json\/wp\/v2\/users\/4"}],"replies":[{"embeddable":true,"href":"https:\/\/diariodepernambuco.audiencelabs.com.br\/wp-json\/wp\/v2\/comments?post=4896"}],"version-history":[{"count":2,"href":"https:\/\/diariodepernambuco.audiencelabs.com.br\/wp-json\/wp\/v2\/posts\/4896\/revisions"}],"predecessor-version":[{"id":4899,"href":"https:\/\/diariodepernambuco.audiencelabs.com.br\/wp-json\/wp\/v2\/posts\/4896\/revisions\/4899"}],"wp:featuredmedia":[{"embeddable":true,"href":"https:\/\/diariodepernambuco.audiencelabs.com.br\/wp-json\/wp\/v2\/media\/4898"}],"wp:attachment":[{"href":"https:\/\/diariodepernambuco.audiencelabs.com.br\/wp-json\/wp\/v2\/media?parent=4896"}],"wp:term":[{"taxonomy":"category","embeddable":true,"href":"https:\/\/diariodepernambuco.audiencelabs.com.br\/wp-json\/wp\/v2\/categories?post=4896"},{"taxonomy":"post_tag","embeddable":true,"href":"https:\/\/diariodepernambuco.audiencelabs.com.br\/wp-json\/wp\/v2\/tags?post=4896"}],"curies":[{"name":"wp","href":"https:\/\/api.w.org\/{rel}","templated":true}]}}