{"id":494,"date":"2025-08-06T12:30:00","date_gmt":"2025-08-06T15:30:00","guid":{"rendered":"https:\/\/diariodepernambuco.audiencelabs.com.br\/?p=494"},"modified":"2025-08-05T15:37:50","modified_gmt":"2025-08-05T18:37:50","slug":"erros-comuns-que-fazem-uma-pessoa-perder-o-mei","status":"publish","type":"post","link":"https:\/\/diariodepernambuco.audiencelabs.com.br\/erros-comuns-que-fazem-uma-pessoa-perder-o-mei\/","title":{"rendered":"Erros comuns que fazem uma pessoa perder o MEI"},"content":{"rendered":"\n<p>Criado pelo Governo Federal em dezembro de 2008 e entrando em vigor a partir de 1\u00ba de julho de 2009, o Microempreendedor Individual (MEI) \u00e9 um regime simplificado de formaliza\u00e7\u00e3o de trabalhadores aut\u00f4nomos e pequenos empreendedores. Em resumo, a Lei Complementar n\u00ba 128 permitiu a eles um registro oficial, benef\u00edcios previdenci\u00e1rios e carga tribut\u00e1ria reduzida.<\/p>\n\n\n\n<p>Mas, para manter o CNPJ ativo e evitar preju\u00edzos, o MEI precisa cumprir uma s\u00e9rie de obriga\u00e7\u00f5es. As principais delas s\u00e3o o pagamento mensal do Documento de Arrecada\u00e7\u00e3o do Simples Nacional (DAS) e o envio da declara\u00e7\u00e3o de faturamento anual. Al\u00e9m disso, o MEI deve sempre emitir Nota Fiscal quando realizar neg\u00f3cios com pessoas jur\u00eddicas.<\/p>\n\n\n\n<h2 class=\"wp-block-heading\">Lista de Obriga\u00e7\u00f5es do MEI<\/h2>\n\n\n\n<ol class=\"wp-block-list\">\n<li><strong>Pagamento da DAS<\/strong><\/li>\n<\/ol>\n\n\n\n<p>O Guia DAS-MEI (Documento de Arrecada\u00e7\u00e3o do Simples Nacional (DAS) tem vencimento sempre no dia 20. O valor correspondente \u00e9 de 5% do sal\u00e1rio-m\u00ednimo, acrescido de R$ 1 caso tenha atividade de com\u00e9rcio, R$ 5 se tiver atividade de servi\u00e7o e R$ 6 caso possua os dois tipos de atividade. Em caso de falta de pagamento, o CNPJ pode ser cancelado.<\/p>\n\n\n\n<ol start=\"2\" class=\"wp-block-list\">\n<li><strong>Emitir NF quando realizar neg\u00f3cios com pessoas jur\u00eddicas<\/strong><\/li>\n<\/ol>\n\n\n\n<p>Caso o MEI n\u00e3o emita nota fiscal quando exigido, pode enfrentar consequ\u00eancias como multas e san\u00e7\u00f5es aplicadas pela Receita Federal e por \u00f3rg\u00e3os estaduais ou municipais, al\u00e9m de ter dificuldades para comprovar renda e movimenta\u00e7\u00f5es financeiras. Em situa\u00e7\u00f5es mais graves, h\u00e1 tamb\u00e9m o risco de ser desenquadrado do regime do MEI.<\/p>\n\n\n\n<ol start=\"3\" class=\"wp-block-list\">\n<li><strong>Envio da declara\u00e7\u00e3o de faturamento anual<\/strong><\/li>\n<\/ol>\n\n\n\n<p>O MEI tem, por obriga\u00e7\u00e3o, apresentar a Declara\u00e7\u00e3o de Faturamento Anual (DASN-SIMEI). Todos os anos, at\u00e9 o dia 31 de maio, o microempreendedor deve informar para a Receita Federal o total do seu faturamento relativo ao ano anterior.<\/p>\n\n\n\n<h2 class=\"wp-block-heading\">Os requisitos para se tornar MEI<\/h2>\n\n\n\n<ul class=\"wp-block-list\">\n<li>Faturamento anual de at\u00e9 R$ 81 mil;<\/li>\n\n\n\n<li>N\u00e3o ser s\u00f3cio, titular ou administrador de outra empresa;<\/li>\n\n\n\n<li>N\u00e3o possuir ou abrir filiais;<\/li>\n\n\n\n<li>Contratar no m\u00e1ximo um funcion\u00e1rio com sal\u00e1rio m\u00ednimo ou piso da categoria;<\/li>\n\n\n\n<li>Exercer uma das atividades inclu\u00eddas na lista de CNAEs permitidas.<\/li>\n<\/ul>\n\n\n\n<p><\/p>\n","protected":false},"excerpt":{"rendered":"<p>Criado pelo Governo Federal em dezembro de 2008 e entrando em vigor a partir de 1\u00ba de julho de 2009, o Microempreendedor Individual (MEI) \u00e9 um regime simplificado de formaliza\u00e7\u00e3o de trabalhadores aut\u00f4nomos e pequenos empreendedores. Em resumo, a Lei Complementar n\u00ba 128 permitiu a eles um registro oficial, benef\u00edcios previdenci\u00e1rios e carga tribut\u00e1ria reduzida. [&hellip;]<\/p>\n","protected":false},"author":4,"featured_media":452,"comment_status":"open","ping_status":"open","sticky":false,"template":"","format":"standard","meta":{"jnews-multi-image_gallery":[],"jnews_single_post":{"format":"standard"},"jnews_primary_category":[],"jnews_social_meta":[],"jnews_post_split":[],"footnotes":""},"categories":[1],"tags":[],"class_list":["post-494","post","type-post","status-publish","format-standard","has-post-thumbnail","hentry","category-uncategorized"],"_links":{"self":[{"href":"https:\/\/diariodepernambuco.audiencelabs.com.br\/wp-json\/wp\/v2\/posts\/494","targetHints":{"allow":["GET"]}}],"collection":[{"href":"https:\/\/diariodepernambuco.audiencelabs.com.br\/wp-json\/wp\/v2\/posts"}],"about":[{"href":"https:\/\/diariodepernambuco.audiencelabs.com.br\/wp-json\/wp\/v2\/types\/post"}],"author":[{"embeddable":true,"href":"https:\/\/diariodepernambuco.audiencelabs.com.br\/wp-json\/wp\/v2\/users\/4"}],"replies":[{"embeddable":true,"href":"https:\/\/diariodepernambuco.audiencelabs.com.br\/wp-json\/wp\/v2\/comments?post=494"}],"version-history":[{"count":2,"href":"https:\/\/diariodepernambuco.audiencelabs.com.br\/wp-json\/wp\/v2\/posts\/494\/revisions"}],"predecessor-version":[{"id":497,"href":"https:\/\/diariodepernambuco.audiencelabs.com.br\/wp-json\/wp\/v2\/posts\/494\/revisions\/497"}],"wp:featuredmedia":[{"embeddable":true,"href":"https:\/\/diariodepernambuco.audiencelabs.com.br\/wp-json\/wp\/v2\/media\/452"}],"wp:attachment":[{"href":"https:\/\/diariodepernambuco.audiencelabs.com.br\/wp-json\/wp\/v2\/media?parent=494"}],"wp:term":[{"taxonomy":"category","embeddable":true,"href":"https:\/\/diariodepernambuco.audiencelabs.com.br\/wp-json\/wp\/v2\/categories?post=494"},{"taxonomy":"post_tag","embeddable":true,"href":"https:\/\/diariodepernambuco.audiencelabs.com.br\/wp-json\/wp\/v2\/tags?post=494"}],"curies":[{"name":"wp","href":"https:\/\/api.w.org\/{rel}","templated":true}]}}