{"id":4957,"date":"2025-09-30T19:00:00","date_gmt":"2025-09-30T22:00:00","guid":{"rendered":"https:\/\/diariodepernambuco.audiencelabs.com.br\/?p=4957"},"modified":"2025-09-29T16:13:39","modified_gmt":"2025-09-29T19:13:39","slug":"tres-profissoes-que-vao-estar-no-auge-daqui-cinco-anos","status":"publish","type":"post","link":"https:\/\/diariodepernambuco.audiencelabs.com.br\/tres-profissoes-que-vao-estar-no-auge-daqui-cinco-anos\/","title":{"rendered":"Tr\u00eas profiss\u00f5es que v\u00e3o estar no auge daqui cinco anos"},"content":{"rendered":"\n<p>O mercado de trabalho est\u00e1 em constante transforma\u00e7\u00e3o, impulsionado por avan\u00e7os tecnol\u00f3gicos, mudan\u00e7as sociais e novas demandas econ\u00f4micas. Nesse cen\u00e1rio, algumas profiss\u00f5es se destacam como promissoras para os pr\u00f3ximos anos, oferecendo oportunidades de crescimento, sal\u00e1rios competitivos e alta empregabilidade.<\/p>\n\n\n\n<p>Entre as carreiras que devem ganhar destaque nos pr\u00f3ximos cinco anos, algumas est\u00e3o diretamente ligadas \u00e0 tecnologia e \u00e0 inova\u00e7\u00e3o, enquanto outras refletem a crescente valoriza\u00e7\u00e3o de habilidades humanas, como criatividade, empatia e gest\u00e3o de equipes.<\/p>\n\n\n\n<p>Profissionais capazes de unir conhecimento t\u00e9cnico a compet\u00eancias comportamentais ter\u00e3o vantagem competitiva, pois o mercado busca cada vez mais solu\u00e7\u00f5es integradas e eficientes. Al\u00e9m disso, setores em expans\u00e3o, como sa\u00fade, sustentabilidade e economia digital, prometem gerar novas oportunidades e transformar o perfil das profiss\u00f5es mais demandadas.<\/p>\n\n\n\n<p>Aqui est\u00e3o tr\u00eas profiss\u00f5es que devem estar em alta nos pr\u00f3ximos cinco anos, com destaque para suas \u00e1reas de atua\u00e7\u00e3o e oportunidades:<\/p>\n\n\n\n<p><strong>Especialista em Intelig\u00eancia Artificial e Machine Learning<\/strong><\/p>\n\n\n\n<p>Com a crescente ado\u00e7\u00e3o de IA por empresas de todos os setores, profissionais capazes de desenvolver, treinar e gerenciar algoritmos de aprendizado de m\u00e1quina ser\u00e3o altamente demandados. Essa carreira exige conhecimentos em programa\u00e7\u00e3o, estat\u00edstica e an\u00e1lise de dados, al\u00e9m de habilidades para resolver problemas complexos e criar solu\u00e7\u00f5es inovadoras.<\/p>\n\n\n\n<p><strong>Profissional de Ciberseguran\u00e7a<\/strong><\/p>\n\n\n\n<p>\u00c0 medida que a digitaliza\u00e7\u00e3o se expande, a prote\u00e7\u00e3o de dados e sistemas torna-se prioridade para organiza\u00e7\u00f5es p\u00fablicas e privadas. Especialistas em ciberseguran\u00e7a atuar\u00e3o na preven\u00e7\u00e3o e resposta a ataques, auditoria de sistemas, compliance e gest\u00e3o de riscos, tornando-se essenciais para garantir a integridade das informa\u00e7\u00f5es e a continuidade dos neg\u00f3cios.<\/p>\n\n\n\n<p><strong>Gestor de Sustentabilidade e ESG<\/strong><\/p>\n\n\n\n<p>Com a crescente aten\u00e7\u00e3o \u00e0s pr\u00e1ticas ambientais, sociais e de governan\u00e7a, empresas buscam profissionais capazes de implementar estrat\u00e9gias de sustentabilidade e gerenciar indicadores ESG. Essa carreira combina conhecimento em gest\u00e3o, finan\u00e7as e meio ambiente, oferecendo oportunidades em setores variados, desde grandes corpora\u00e7\u00f5es at\u00e9 startups e consultorias especializadas.<\/p>\n\n\n\n<p><\/p>\n","protected":false},"excerpt":{"rendered":"<p>O mercado de trabalho est\u00e1 em constante transforma\u00e7\u00e3o, impulsionado por avan\u00e7os tecnol\u00f3gicos, mudan\u00e7as sociais e novas demandas econ\u00f4micas. Nesse cen\u00e1rio, algumas profiss\u00f5es se destacam como promissoras para os pr\u00f3ximos anos, oferecendo oportunidades de crescimento, sal\u00e1rios competitivos e alta empregabilidade. Entre as carreiras que devem ganhar destaque nos pr\u00f3ximos cinco anos, algumas est\u00e3o diretamente ligadas \u00e0 [&hellip;]<\/p>\n","protected":false},"author":4,"featured_media":4960,"comment_status":"open","ping_status":"open","sticky":false,"template":"","format":"standard","meta":{"jnews-multi-image_gallery":[],"jnews_single_post":{"format":"standard"},"jnews_primary_category":[],"jnews_social_meta":[],"jnews_post_split":[],"footnotes":""},"categories":[1],"tags":[],"class_list":["post-4957","post","type-post","status-publish","format-standard","has-post-thumbnail","hentry","category-uncategorized"],"_links":{"self":[{"href":"https:\/\/diariodepernambuco.audiencelabs.com.br\/wp-json\/wp\/v2\/posts\/4957","targetHints":{"allow":["GET"]}}],"collection":[{"href":"https:\/\/diariodepernambuco.audiencelabs.com.br\/wp-json\/wp\/v2\/posts"}],"about":[{"href":"https:\/\/diariodepernambuco.audiencelabs.com.br\/wp-json\/wp\/v2\/types\/post"}],"author":[{"embeddable":true,"href":"https:\/\/diariodepernambuco.audiencelabs.com.br\/wp-json\/wp\/v2\/users\/4"}],"replies":[{"embeddable":true,"href":"https:\/\/diariodepernambuco.audiencelabs.com.br\/wp-json\/wp\/v2\/comments?post=4957"}],"version-history":[{"count":2,"href":"https:\/\/diariodepernambuco.audiencelabs.com.br\/wp-json\/wp\/v2\/posts\/4957\/revisions"}],"predecessor-version":[{"id":4961,"href":"https:\/\/diariodepernambuco.audiencelabs.com.br\/wp-json\/wp\/v2\/posts\/4957\/revisions\/4961"}],"wp:featuredmedia":[{"embeddable":true,"href":"https:\/\/diariodepernambuco.audiencelabs.com.br\/wp-json\/wp\/v2\/media\/4960"}],"wp:attachment":[{"href":"https:\/\/diariodepernambuco.audiencelabs.com.br\/wp-json\/wp\/v2\/media?parent=4957"}],"wp:term":[{"taxonomy":"category","embeddable":true,"href":"https:\/\/diariodepernambuco.audiencelabs.com.br\/wp-json\/wp\/v2\/categories?post=4957"},{"taxonomy":"post_tag","embeddable":true,"href":"https:\/\/diariodepernambuco.audiencelabs.com.br\/wp-json\/wp\/v2\/tags?post=4957"}],"curies":[{"name":"wp","href":"https:\/\/api.w.org\/{rel}","templated":true}]}}