{"id":4969,"date":"2025-10-04T09:21:00","date_gmt":"2025-10-04T12:21:00","guid":{"rendered":"https:\/\/diariodepernambuco.audiencelabs.com.br\/?p=4969"},"modified":"2025-09-29T16:47:54","modified_gmt":"2025-09-29T19:47:54","slug":"nova-bebida-alcoolica-esta-matando-jovens","status":"publish","type":"post","link":"https:\/\/diariodepernambuco.audiencelabs.com.br\/nova-bebida-alcoolica-esta-matando-jovens\/","title":{"rendered":"Nova bebida alco\u00f3lica est\u00e1 matando jovens"},"content":{"rendered":"\n<p>Pelo menos duas pessoas morreram ap\u00f3s consumirem bebidas alco\u00f3licas adulteradas com metanol. Uma terceira morte ainda est\u00e1 sob investiga\u00e7\u00e3o, e outros nove casos de interna\u00e7\u00e3o ocorridos desde junho, no estado de S\u00e3o Paulo, est\u00e3o sendo apurados. Entre eles, est\u00e3o o de um jovem em coma e o de uma mulher que perdeu a vis\u00e3o.<\/p>\n\n\n\n<p>As mortes confirmadas envolvem dois homens, de 38 e 48 anos, residentes em S\u00e3o Bernardo do Campo (SP) e na cidade de S\u00e3o Paulo, respectivamente. A rela\u00e7\u00e3o dos casos com o consumo de metanol foi confirmada pelo Centro de Vigil\u00e2ncia Sanit\u00e1ria de S\u00e3o Paulo.<\/p>\n\n\n\n<p>O homem de 48 anos, cujo nome n\u00e3o foi divulgado, morava na regi\u00e3o da Mooca\/Aricanduva e foi atendido em uma unidade de sa\u00fade privada ap\u00f3s apresentar sintomas de intoxica\u00e7\u00e3o, vindo a falecer no dia 15 de setembro, ap\u00f3s seis dias de interna\u00e7\u00e3o.<\/p>\n\n\n\n<p>A pol\u00edcia investiga se uma terceira morte, de um homem de 45 anos, tamb\u00e9m est\u00e1 relacionada ao metanol. Ele estava internado em S\u00e3o Bernardo do Campo, na Grande S\u00e3o Paulo, e morreu neste domingo (28). O 1\u00ba Distrito Policial da cidade n\u00e3o divulgou informa\u00e7\u00f5es adicionais, incluindo onde a bebida teria sido consumida.<\/p>\n\n\n\n<p>No total, dez casos suspeitos de intoxica\u00e7\u00e3o por metanol est\u00e3o sendo investigados na capital paulista. As autoridades classificaram o n\u00famero de ocorr\u00eancias como \u201cfora do padr\u00e3o\u201d. At\u00e9 o momento, a Pol\u00edcia Civil registrou quatro boletins de ocorr\u00eancia relacionados a esse tipo de intoxica\u00e7\u00e3o.<\/p>\n\n\n\n<h2 class=\"wp-block-heading\">\u00d3rg\u00e3o aponta poss\u00edvel liga\u00e7\u00e3o do PCC<\/h2>\n\n\n\n<p>A ABCF (Associa\u00e7\u00e3o Brasileira de Combate \u00e0 Falsifica\u00e7\u00e3o) divulgou uma nota neste domingo (28) levantando a suspeita de que o metanol utilizado para adulterar bebidas alco\u00f3licas possa ser o mesmo empregado pelo PCC (Primeiro Comando da Capital) na adultera\u00e7\u00e3o de combust\u00edveis.<\/p>\n\n\n\n<p>A associa\u00e7\u00e3o afirma que o contrabando n\u00e3o \u00e9 uma pr\u00e1tica exclusiva do PCC, sendo cometido por outras fac\u00e7\u00f5es em diversas regi\u00f5es do pa\u00eds. No entanto, a fac\u00e7\u00e3o paulista ganhou destaque recentemente ao ser alvo da maior opera\u00e7\u00e3o contra o crime organizado j\u00e1 realizada no Brasil.<\/p>\n\n\n\n<p><\/p>\n","protected":false},"excerpt":{"rendered":"<p>Pelo menos duas pessoas morreram ap\u00f3s consumirem bebidas alco\u00f3licas adulteradas com metanol. Uma terceira morte ainda est\u00e1 sob investiga\u00e7\u00e3o, e outros nove casos de interna\u00e7\u00e3o ocorridos desde junho, no estado de S\u00e3o Paulo, est\u00e3o sendo apurados. Entre eles, est\u00e3o o de um jovem em coma e o de uma mulher que perdeu a vis\u00e3o. As [&hellip;]<\/p>\n","protected":false},"author":4,"featured_media":4971,"comment_status":"open","ping_status":"open","sticky":false,"template":"","format":"standard","meta":{"jnews-multi-image_gallery":[],"jnews_single_post":{"format":"standard"},"jnews_primary_category":[],"jnews_social_meta":[],"jnews_post_split":[],"footnotes":""},"categories":[1],"tags":[],"class_list":["post-4969","post","type-post","status-publish","format-standard","has-post-thumbnail","hentry","category-uncategorized"],"_links":{"self":[{"href":"https:\/\/diariodepernambuco.audiencelabs.com.br\/wp-json\/wp\/v2\/posts\/4969","targetHints":{"allow":["GET"]}}],"collection":[{"href":"https:\/\/diariodepernambuco.audiencelabs.com.br\/wp-json\/wp\/v2\/posts"}],"about":[{"href":"https:\/\/diariodepernambuco.audiencelabs.com.br\/wp-json\/wp\/v2\/types\/post"}],"author":[{"embeddable":true,"href":"https:\/\/diariodepernambuco.audiencelabs.com.br\/wp-json\/wp\/v2\/users\/4"}],"replies":[{"embeddable":true,"href":"https:\/\/diariodepernambuco.audiencelabs.com.br\/wp-json\/wp\/v2\/comments?post=4969"}],"version-history":[{"count":2,"href":"https:\/\/diariodepernambuco.audiencelabs.com.br\/wp-json\/wp\/v2\/posts\/4969\/revisions"}],"predecessor-version":[{"id":4972,"href":"https:\/\/diariodepernambuco.audiencelabs.com.br\/wp-json\/wp\/v2\/posts\/4969\/revisions\/4972"}],"wp:featuredmedia":[{"embeddable":true,"href":"https:\/\/diariodepernambuco.audiencelabs.com.br\/wp-json\/wp\/v2\/media\/4971"}],"wp:attachment":[{"href":"https:\/\/diariodepernambuco.audiencelabs.com.br\/wp-json\/wp\/v2\/media?parent=4969"}],"wp:term":[{"taxonomy":"category","embeddable":true,"href":"https:\/\/diariodepernambuco.audiencelabs.com.br\/wp-json\/wp\/v2\/categories?post=4969"},{"taxonomy":"post_tag","embeddable":true,"href":"https:\/\/diariodepernambuco.audiencelabs.com.br\/wp-json\/wp\/v2\/tags?post=4969"}],"curies":[{"name":"wp","href":"https:\/\/api.w.org\/{rel}","templated":true}]}}