{"id":4973,"date":"2025-10-04T16:49:37","date_gmt":"2025-10-04T19:49:37","guid":{"rendered":"https:\/\/diariodepernambuco.audiencelabs.com.br\/?p=4973"},"modified":"2025-09-29T21:35:07","modified_gmt":"2025-09-30T00:35:07","slug":"por-que-e-feriado-dia-30-de-setembro-alunos-nao-vao-precisar-ir-pra-aula","status":"publish","type":"post","link":"https:\/\/diariodepernambuco.audiencelabs.com.br\/por-que-e-feriado-dia-30-de-setembro-alunos-nao-vao-precisar-ir-pra-aula\/","title":{"rendered":"Por que \u00e9 feriado dia 30 de setembro? Alunos n\u00e3o v\u00e3o precisar ir pra aula"},"content":{"rendered":"\n<p>Assim como diversos outros feriados nacionais do segundo semestre do ano, o \u00fanico feriado desse m\u00eas, o 7 de setembro, caiu em um domingo. No entanto, os moradores de Vi\u00e7osa, em Minas Gerais, ainda ter\u00e3o motivo para descanso neste m\u00eas, j\u00e1 que o dia 30 de setembro celebra o Anivers\u00e1rio de Emancipa\u00e7\u00e3o Pol\u00edtica da cidade.<\/p>\n\n\n\n<p>Por conta dessa celebra\u00e7\u00e3o, escolas e \u00f3rg\u00e3os p\u00fablicos municipais ter\u00e3o ponto facultativo, permitindo que alunos e servidores aproveitem o dia de folga. Al\u00e9m das comemora\u00e7\u00f5es oficiais, \u00e9 comum que a popula\u00e7\u00e3o participe de eventos culturais, atividades festivas e atos c\u00edvicos em homenagem \u00e0 hist\u00f3ria e ao desenvolvimento do munic\u00edpio.<\/p>\n\n\n\n<p>Al\u00e9m disso, bancos e ag\u00eancias financeiras em Vi\u00e7osa ter\u00e3o funcionamento suspenso durante o feriado, seguindo o calend\u00e1rio nacional para datas comemorativas municipais. Os moradores devem se programar para realizar transa\u00e7\u00f5es banc\u00e1rias antes ou depois do dia 30 de setembro, uma vez que servi\u00e7os como saques, dep\u00f3sitos e atendimento presencial estar\u00e3o temporariamente indispon\u00edveis.<\/p>\n\n\n\n<h2 class=\"wp-block-heading\">Feriados nacionais que restam em 2025<\/h2>\n\n\n\n<ul class=\"wp-block-list\">\n<li>12 de outubro (domingo) \u2013 Nossa Senhora Aparecida;<\/li>\n\n\n\n<li>2 de novembro (domingo) \u2013 Finados;<\/li>\n\n\n\n<li>15 de novembro (s\u00e1bado) \u2013 Proclama\u00e7\u00e3o da Rep\u00fablica;<\/li>\n\n\n\n<li>20 de novembro (quinta) \u2013 Dia da Consci\u00eancia Negra;<\/li>\n\n\n\n<li>25 de dezembro (quarta) \u2013 Natal.<\/li>\n<\/ul>\n\n\n\n<h2 class=\"wp-block-heading\">Feriados nacionais em 2026<\/h2>\n\n\n\n<ul class=\"wp-block-list\">\n<li>1\u00ba de janeiro (quinta) \u2013 Confraterniza\u00e7\u00e3o Universal;<\/li>\n\n\n\n<li>18 de abril (sexta) \u2013 Sexta-feira Santa;<\/li>\n\n\n\n<li>21 de abril (ter\u00e7a) \u2013 Tiradentes;<\/li>\n\n\n\n<li>1\u00ba de maio (sexta) \u2013 Dia do Trabalho;<\/li>\n\n\n\n<li>4 de junho (quinta) \u2013 Corpus Christi;<\/li>\n\n\n\n<li>7 de setembro (segunda) \u2013 Independ\u00eancia do Brasil;<\/li>\n\n\n\n<li>12 de outubro (segunda) \u2013 Nossa Senhora Aparecida;<\/li>\n\n\n\n<li>2 de novembro (segunda) \u2013 Finados;<\/li>\n\n\n\n<li>15 de novembro (domingo) \u2013 Proclama\u00e7\u00e3o da Rep\u00fablica;<\/li>\n\n\n\n<li>20 de novembro (sexta) \u2013 Dia da Consci\u00eancia Negra;<\/li>\n\n\n\n<li>25 de dezembro (sexta) \u2013 Natal.<\/li>\n<\/ul>\n\n\n\n<p><\/p>\n","protected":false},"excerpt":{"rendered":"<p>Assim como diversos outros feriados nacionais do segundo semestre do ano, o \u00fanico feriado desse m\u00eas, o 7 de setembro, caiu em um domingo. No entanto, os moradores de Vi\u00e7osa, em Minas Gerais, ainda ter\u00e3o motivo para descanso neste m\u00eas, j\u00e1 que o dia 30 de setembro celebra o Anivers\u00e1rio de Emancipa\u00e7\u00e3o Pol\u00edtica da cidade. [&hellip;]<\/p>\n","protected":false},"author":4,"featured_media":1518,"comment_status":"open","ping_status":"open","sticky":false,"template":"","format":"standard","meta":{"jnews-multi-image_gallery":[],"jnews_single_post":[],"jnews_primary_category":[],"jnews_social_meta":[],"jnews_post_split":[],"footnotes":""},"categories":[1],"tags":[],"class_list":["post-4973","post","type-post","status-publish","format-standard","has-post-thumbnail","hentry","category-uncategorized"],"_links":{"self":[{"href":"https:\/\/diariodepernambuco.audiencelabs.com.br\/wp-json\/wp\/v2\/posts\/4973","targetHints":{"allow":["GET"]}}],"collection":[{"href":"https:\/\/diariodepernambuco.audiencelabs.com.br\/wp-json\/wp\/v2\/posts"}],"about":[{"href":"https:\/\/diariodepernambuco.audiencelabs.com.br\/wp-json\/wp\/v2\/types\/post"}],"author":[{"embeddable":true,"href":"https:\/\/diariodepernambuco.audiencelabs.com.br\/wp-json\/wp\/v2\/users\/4"}],"replies":[{"embeddable":true,"href":"https:\/\/diariodepernambuco.audiencelabs.com.br\/wp-json\/wp\/v2\/comments?post=4973"}],"version-history":[{"count":4,"href":"https:\/\/diariodepernambuco.audiencelabs.com.br\/wp-json\/wp\/v2\/posts\/4973\/revisions"}],"predecessor-version":[{"id":4997,"href":"https:\/\/diariodepernambuco.audiencelabs.com.br\/wp-json\/wp\/v2\/posts\/4973\/revisions\/4997"}],"wp:featuredmedia":[{"embeddable":true,"href":"https:\/\/diariodepernambuco.audiencelabs.com.br\/wp-json\/wp\/v2\/media\/1518"}],"wp:attachment":[{"href":"https:\/\/diariodepernambuco.audiencelabs.com.br\/wp-json\/wp\/v2\/media?parent=4973"}],"wp:term":[{"taxonomy":"category","embeddable":true,"href":"https:\/\/diariodepernambuco.audiencelabs.com.br\/wp-json\/wp\/v2\/categories?post=4973"},{"taxonomy":"post_tag","embeddable":true,"href":"https:\/\/diariodepernambuco.audiencelabs.com.br\/wp-json\/wp\/v2\/tags?post=4973"}],"curies":[{"name":"wp","href":"https:\/\/api.w.org\/{rel}","templated":true}]}}