{"id":4987,"date":"2025-10-04T12:24:00","date_gmt":"2025-10-04T15:24:00","guid":{"rendered":"https:\/\/diariodepernambuco.audiencelabs.com.br\/?p=4987"},"modified":"2025-09-30T19:47:08","modified_gmt":"2025-09-30T22:47:08","slug":"brasileiros-ganham-saque-extra-garantido-para-salvar-das-dividas","status":"publish","type":"post","link":"https:\/\/diariodepernambuco.audiencelabs.com.br\/brasileiros-ganham-saque-extra-garantido-para-salvar-das-dividas\/","title":{"rendered":"Brasileiros ganham valor extra garantido por lei"},"content":{"rendered":"\n<p>O adicional de insalubridade \u00e9 um direito trabalhista garantido aos profissionais que exercem atividades em condi\u00e7\u00f5es prejudiciais \u00e0 sa\u00fade. Previsto na Consolida\u00e7\u00e3o das Leis do Trabalho (CLT), esse benef\u00edcio oferece uma compensa\u00e7\u00e3o financeira proporcional ao grau de risco do ambiente de trabalho, reconhecendo o esfor\u00e7o e a exposi\u00e7\u00e3o a agentes nocivos.<\/p>\n\n\n\n<p>Al\u00e9m de aumentar a remunera\u00e7\u00e3o mensal, o adicional de insalubridade tamb\u00e9m pode gerar direitos financeiros adicionais, como o saque de valores acumulados em algumas situa\u00e7\u00f5es espec\u00edficas, funcionando como um refor\u00e7o no or\u00e7amento do trabalhador.<\/p>\n\n\n\n<p>Esse recurso extra pode ser usado para quitar d\u00edvidas, investir em necessidades imediatas ou planejar gastos futuros, oferecendo um al\u00edvio financeiro importante. Para ter acesso ao benef\u00edcio, \u00e9 essencial que o trabalhador esteja formalmente reconhecido como exposto a agentes insalubres, e que a empresa realize corretamente os c\u00e1lculos conforme a legisla\u00e7\u00e3o vigente.<\/p>\n\n\n\n<p>O valor do adicional de insalubridade varia conforme o grau de exposi\u00e7\u00e3o ao agente nocivo, podendo ser classificado como m\u00ednimo, m\u00e9dio ou m\u00e1ximo, e \u00e9 calculado com base no sal\u00e1rio m\u00ednimo ou na remunera\u00e7\u00e3o do trabalhador, dependendo do caso.<\/p>\n\n\n\n<p>Al\u00e9m disso, trabalhadores que recebem esse adicional devem ficar atentos aos direitos relacionados a f\u00e9rias, 13\u00ba sal\u00e1rio e demais benef\u00edcios, j\u00e1 que o valor da insalubridade deve ser incorporado corretamente nos c\u00e1lculos.<\/p>\n\n\n\n<p>Dessa forma, o saque extra ligado a esse direito n\u00e3o apenas reconhece os riscos enfrentados no trabalho, mas tamb\u00e9m oferece uma oportunidade concreta de melhorar a sa\u00fade financeira de quem est\u00e1 em situa\u00e7\u00e3o de vulnerabilidade econ\u00f4mica.<\/p>\n\n\n\n<h2 class=\"wp-block-heading\">Profissionais que tem direito ao adicional de insalubridade<\/h2>\n\n\n\n<p><strong>Profissionais da sa\u00fade<\/strong><\/p>\n\n\n\n<ul class=\"wp-block-list\">\n<li>M\u00e9dicos, enfermeiros, t\u00e9cnicos de enfermagem e auxiliares que atuam em hospitais, laborat\u00f3rios ou unidades de atendimento a pacientes com doen\u00e7as infecciosas.<\/li>\n<\/ul>\n\n\n\n<p><strong>Trabalhadores da limpeza urbana<\/strong><\/p>\n\n\n\n<ul class=\"wp-block-list\">\n<li>Coletores de lixo, garis e outros profissionais expostos a res\u00edduos, produtos qu\u00edmicos ou ambientes contaminados.<\/li>\n<\/ul>\n\n\n\n<p><strong>Manipuladores de produtos qu\u00edmicos<\/strong><\/p>\n\n\n\n<ul class=\"wp-block-list\">\n<li>Funcion\u00e1rios de ind\u00fastrias qu\u00edmicas, laborat\u00f3rios e setores que lidam com subst\u00e2ncias t\u00f3xicas ou inflam\u00e1veis.<\/li>\n<\/ul>\n\n\n\n<p><strong>Profissionais da constru\u00e7\u00e3o civil<\/strong><\/p>\n\n\n\n<ul class=\"wp-block-list\">\n<li>Trabalhadores expostos a ru\u00eddos intensos, poeira, amianto, subst\u00e2ncias qu\u00edmicas ou condi\u00e7\u00f5es insalubres nos canteiros de obras.<\/li>\n<\/ul>\n\n\n\n<p><strong>Trabalhadores em frigor\u00edficos e ind\u00fastrias aliment\u00edcias<\/strong><\/p>\n\n\n\n<ul class=\"wp-block-list\">\n<li>Operadores de c\u00e2maras frias, manipuladores de produtos perec\u00edveis ou expostos a temperaturas extremas.<\/li>\n<\/ul>\n\n\n\n<p><strong>Profissionais de saneamento e tratamento de \u00e1gua\/esgoto<\/strong><\/p>\n\n\n\n<ul class=\"wp-block-list\">\n<li>Operadores de esta\u00e7\u00f5es de tratamento, coletores e t\u00e9cnicos que lidam com esgoto ou \u00e1gua contaminada.<\/li>\n<\/ul>\n\n\n\n<p><strong>Expostos a radia\u00e7\u00e3o ou agentes biol\u00f3gicos<\/strong><\/p>\n\n\n\n<ul class=\"wp-block-list\">\n<li>T\u00e9cnicos de radiologia, operadores de equipamentos de radioterapia e profissionais que lidam com materiais biol\u00f3gicos infectantes.<\/li>\n<\/ul>\n\n\n\n<p><\/p>\n","protected":false},"excerpt":{"rendered":"<p>O adicional de insalubridade \u00e9 um direito trabalhista garantido aos profissionais que exercem atividades em condi\u00e7\u00f5es prejudiciais \u00e0 sa\u00fade. Previsto na Consolida\u00e7\u00e3o das Leis do Trabalho (CLT), esse benef\u00edcio oferece uma compensa\u00e7\u00e3o financeira proporcional ao grau de risco do ambiente de trabalho, reconhecendo o esfor\u00e7o e a exposi\u00e7\u00e3o a agentes nocivos. Al\u00e9m de aumentar a [&hellip;]<\/p>\n","protected":false},"author":4,"featured_media":2129,"comment_status":"open","ping_status":"open","sticky":false,"template":"","format":"standard","meta":{"jnews-multi-image_gallery":[],"jnews_single_post":{"format":"standard"},"jnews_primary_category":[],"jnews_social_meta":[],"jnews_post_split":[],"footnotes":""},"categories":[1],"tags":[],"class_list":["post-4987","post","type-post","status-publish","format-standard","has-post-thumbnail","hentry","category-uncategorized"],"_links":{"self":[{"href":"https:\/\/diariodepernambuco.audiencelabs.com.br\/wp-json\/wp\/v2\/posts\/4987","targetHints":{"allow":["GET"]}}],"collection":[{"href":"https:\/\/diariodepernambuco.audiencelabs.com.br\/wp-json\/wp\/v2\/posts"}],"about":[{"href":"https:\/\/diariodepernambuco.audiencelabs.com.br\/wp-json\/wp\/v2\/types\/post"}],"author":[{"embeddable":true,"href":"https:\/\/diariodepernambuco.audiencelabs.com.br\/wp-json\/wp\/v2\/users\/4"}],"replies":[{"embeddable":true,"href":"https:\/\/diariodepernambuco.audiencelabs.com.br\/wp-json\/wp\/v2\/comments?post=4987"}],"version-history":[{"count":3,"href":"https:\/\/diariodepernambuco.audiencelabs.com.br\/wp-json\/wp\/v2\/posts\/4987\/revisions"}],"predecessor-version":[{"id":5118,"href":"https:\/\/diariodepernambuco.audiencelabs.com.br\/wp-json\/wp\/v2\/posts\/4987\/revisions\/5118"}],"wp:featuredmedia":[{"embeddable":true,"href":"https:\/\/diariodepernambuco.audiencelabs.com.br\/wp-json\/wp\/v2\/media\/2129"}],"wp:attachment":[{"href":"https:\/\/diariodepernambuco.audiencelabs.com.br\/wp-json\/wp\/v2\/media?parent=4987"}],"wp:term":[{"taxonomy":"category","embeddable":true,"href":"https:\/\/diariodepernambuco.audiencelabs.com.br\/wp-json\/wp\/v2\/categories?post=4987"},{"taxonomy":"post_tag","embeddable":true,"href":"https:\/\/diariodepernambuco.audiencelabs.com.br\/wp-json\/wp\/v2\/tags?post=4987"}],"curies":[{"name":"wp","href":"https:\/\/api.w.org\/{rel}","templated":true}]}}