{"id":5003,"date":"2025-10-05T05:11:00","date_gmt":"2025-10-05T08:11:00","guid":{"rendered":"https:\/\/diariodepernambuco.audiencelabs.com.br\/?p=5003"},"modified":"2025-10-06T00:17:16","modified_gmt":"2025-10-06T03:17:16","slug":"conheca-a-mais-nova-moeda-do-brasil-explicacoes-detalhadas","status":"publish","type":"post","link":"https:\/\/diariodepernambuco.audiencelabs.com.br\/conheca-a-mais-nova-moeda-do-brasil-explicacoes-detalhadas\/","title":{"rendered":"Conhe\u00e7a a mais nova moeda do Brasil: explica\u00e7\u00f5es detalhadas"},"content":{"rendered":"\n<p>O ministro da Fazenda, Fernando Haddad, destacou que o Drex \u2014 projeto de infraestrutura tokenizada do sistema financeiro \u2014 n\u00e3o tem como finalidade vigiar a popula\u00e7\u00e3o, mas sim simplificar e modernizar as transa\u00e7\u00f5es financeiras. A declara\u00e7\u00e3o foi dada em entrevista ao podcast \u201c3 Irm\u00e3os\u201d, no \u00faltimo fim de semana.<\/p>\n\n\n\n<p>\u201cTem transpar\u00eancia, n\u00e3o tem controle, n\u00e3o \u00e9 pra isso que ele serve\u201d, afirmou o ministro. Haddad explicou que o sistema pode, por exemplo, ampliar a clareza em rela\u00e7\u00e3o \u00e0s ren\u00fancias fiscais no Brasil. Ao ser questionado sobre a possibilidade de o Drex estar em funcionamento at\u00e9 2030, ressaltou que a responsabilidade pela implementa\u00e7\u00e3o da moeda digital \u00e9 do Banco Central, e n\u00e3o da pasta da Fazenda.<\/p>\n\n\n\n<p>A pr\u00f3xima etapa do Drex est\u00e1 prevista para 2026 e ter\u00e1 como foco a reconcilia\u00e7\u00e3o de gravames, mas ainda sem a utiliza\u00e7\u00e3o da tecnologia blockchain, que deve ficar para fases posteriores. Haddad tamb\u00e9m apontou os elevados custos de transa\u00e7\u00e3o no Brasil e refor\u00e7ou a import\u00e2ncia de regulamentar a concorr\u00eancia das big techs no setor financeiro.<\/p>\n\n\n\n<p>\u201cSempre tem algu\u00e9m no caminho, sempre tem um ped\u00e1gio. Agora mesmo n\u00f3s mandamos uma lei para regular a concorr\u00eancia das big techs, porque elas pedagiam tudo\u201d, disse. O ministro tamb\u00e9m tratou do tema da soberania digital, defendendo a instala\u00e7\u00e3o de data centers em territ\u00f3rio nacional como forma de garantir a prote\u00e7\u00e3o de dados sens\u00edveis.<\/p>\n\n\n\n<h2 class=\"wp-block-heading\">O que \u00e9 e como funcionar\u00e1 o Drex?<\/h2>\n\n\n\n<p><strong>\ud83d\udd0d O que \u00e9 o Drex<\/strong><\/p>\n\n\n\n<ul class=\"wp-block-list\">\n<li>O Drex \u2014 tamb\u00e9m chamado de Real Digital \u2014 ser\u00e1 a moeda digital oficial do Brasil, emitida e regulada pelo Banco Central.<\/li>\n<\/ul>\n\n\n\n<ul class=\"wp-block-list\">\n<li>\u00c9 uma CBDC (sigla em ingl\u00eas para Central Bank Digital Currency \u2014 moeda digital de banco central), ou seja, n\u00e3o \u00e9 uma criptomoeda independente, mas sim uma vers\u00e3o digital do real, com valor garantido e paridade fixa com ele.<\/li>\n<\/ul>\n\n\n\n<ul class=\"wp-block-list\">\n<li>O nome \u201cDrex\u201d deriva de \u201cDigital Real X\u201d: o \u201cd\u201d e \u201cr\u201d referem-se ao Real Digital, o \u201ce\u201d a eletr\u00f4nico, e \u201cx\u201d sugere modernidade e conex\u00e3o.<\/li>\n<\/ul>\n\n\n\n<p><strong>\u2699\ufe0f Como vai funcionar<\/strong><\/p>\n\n\n\n<ul class=\"wp-block-list\">\n<li>Convers\u00e3o entre real f\u00edsico e Drex: para obter Drex, o usu\u00e1rio converter\u00e1 reais em moeda digital por meio de uma carteira virtual ou institui\u00e7\u00e3o autorizada. Cada R$ 1 corresponder\u00e1 a 1 Drex.<\/li>\n<\/ul>\n\n\n\n<ul class=\"wp-block-list\">\n<li>Uso de carteiras virtuais: s\u00f3 ser\u00e1 poss\u00edvel movimentar Drex por meio de carteiras digitais operadas por bancos, fintechs, cooperativas ou institui\u00e7\u00f5es de pagamento autorizadas. Essas institui\u00e7\u00f5es far\u00e3o a intermedia\u00e7\u00e3o entre o usu\u00e1rio comum e o sistema do Banco Central.<\/li>\n<\/ul>\n\n\n\n<ul class=\"wp-block-list\">\n<li>Tecnologia de registro distribu\u00eddo (DLT \/ blockchain): o Drex usar\u00e1 tecnologia de registro distribu\u00eddo para garantir seguran\u00e7a, transpar\u00eancia e rastreabilidade das transa\u00e7\u00f5es. Por\u00e9m, ser\u00e1 uma blockchain permissionada, ou seja, controlada pelo BC e institui\u00e7\u00f5es autorizadas, diferente de criptomoedas descentralizadas.<\/li>\n<\/ul>\n\n\n\n<ul class=\"wp-block-list\">\n<li>Contratos inteligentes (smart contracts): permitir\u00e1 automatizar certos tipos de transa\u00e7\u00f5es e obriga\u00e7\u00f5es \u2014 por exemplo, pagamento vs entrega de um bem, ou execu\u00e7\u00e3o de a\u00e7\u00f5es quando condi\u00e7\u00f5es pr\u00e9-estabelecidas forem satisfeitas.<\/li>\n<\/ul>\n\n\n\n<p><\/p>\n","protected":false},"excerpt":{"rendered":"<p>O ministro da Fazenda, Fernando Haddad, destacou que o Drex \u2014 projeto de infraestrutura tokenizada do sistema financeiro \u2014 n\u00e3o tem como finalidade vigiar a popula\u00e7\u00e3o, mas sim simplificar e modernizar as transa\u00e7\u00f5es financeiras. A declara\u00e7\u00e3o foi dada em entrevista ao podcast \u201c3 Irm\u00e3os\u201d, no \u00faltimo fim de semana. \u201cTem transpar\u00eancia, n\u00e3o tem controle, n\u00e3o [&hellip;]<\/p>\n","protected":false},"author":4,"featured_media":4244,"comment_status":"open","ping_status":"open","sticky":false,"template":"","format":"standard","meta":{"jnews-multi-image_gallery":[],"jnews_single_post":[],"jnews_primary_category":[],"jnews_social_meta":[],"jnews_post_split":[],"footnotes":""},"categories":[1],"tags":[],"class_list":["post-5003","post","type-post","status-publish","format-standard","has-post-thumbnail","hentry","category-uncategorized"],"_links":{"self":[{"href":"https:\/\/diariodepernambuco.audiencelabs.com.br\/wp-json\/wp\/v2\/posts\/5003","targetHints":{"allow":["GET"]}}],"collection":[{"href":"https:\/\/diariodepernambuco.audiencelabs.com.br\/wp-json\/wp\/v2\/posts"}],"about":[{"href":"https:\/\/diariodepernambuco.audiencelabs.com.br\/wp-json\/wp\/v2\/types\/post"}],"author":[{"embeddable":true,"href":"https:\/\/diariodepernambuco.audiencelabs.com.br\/wp-json\/wp\/v2\/users\/4"}],"replies":[{"embeddable":true,"href":"https:\/\/diariodepernambuco.audiencelabs.com.br\/wp-json\/wp\/v2\/comments?post=5003"}],"version-history":[{"count":2,"href":"https:\/\/diariodepernambuco.audiencelabs.com.br\/wp-json\/wp\/v2\/posts\/5003\/revisions"}],"predecessor-version":[{"id":5005,"href":"https:\/\/diariodepernambuco.audiencelabs.com.br\/wp-json\/wp\/v2\/posts\/5003\/revisions\/5005"}],"wp:featuredmedia":[{"embeddable":true,"href":"https:\/\/diariodepernambuco.audiencelabs.com.br\/wp-json\/wp\/v2\/media\/4244"}],"wp:attachment":[{"href":"https:\/\/diariodepernambuco.audiencelabs.com.br\/wp-json\/wp\/v2\/media?parent=5003"}],"wp:term":[{"taxonomy":"category","embeddable":true,"href":"https:\/\/diariodepernambuco.audiencelabs.com.br\/wp-json\/wp\/v2\/categories?post=5003"},{"taxonomy":"post_tag","embeddable":true,"href":"https:\/\/diariodepernambuco.audiencelabs.com.br\/wp-json\/wp\/v2\/tags?post=5003"}],"curies":[{"name":"wp","href":"https:\/\/api.w.org\/{rel}","templated":true}]}}