{"id":5006,"date":"2025-10-04T05:58:00","date_gmt":"2025-10-04T08:58:00","guid":{"rendered":"https:\/\/diariodepernambuco.audiencelabs.com.br\/?p=5006"},"modified":"2025-09-29T21:31:19","modified_gmt":"2025-09-30T00:31:19","slug":"agua-invade-litoral-e-15-das-praias-sumiram","status":"publish","type":"post","link":"https:\/\/diariodepernambuco.audiencelabs.com.br\/agua-invade-litoral-e-15-das-praias-sumiram\/","title":{"rendered":"\u00c1gua invade litoral e 15% das praias sumiram"},"content":{"rendered":"\n<p>O avan\u00e7o da eros\u00e3o costeira tem transformado a paisagem do litoral brasileiro e acendido um alerta para autoridades e especialistas. Estudos recentes mostram que cerca de 15% das praias do pa\u00eds j\u00e1 desapareceram parcial ou totalmente, resultado da combina\u00e7\u00e3o entre fatores naturais e impactos da a\u00e7\u00e3o humana.<\/p>\n\n\n\n<p>Um dos casos mais emblem\u00e1ticos \u00e9 o de Atafona, no litoral norte do Rio de Janeiro. A localidade j\u00e1 viu o mar engolir ruas inteiras, quarteir\u00f5es e dezenas de constru\u00e7\u00f5es, tornando-se um s\u00edmbolo da vulnerabilidade do litoral brasileiro. O avan\u00e7o da eros\u00e3o foi t\u00e3o grave que a ONU incluiu Atafona entre as 31 \u00e1reas do mundo mais amea\u00e7adas pela eleva\u00e7\u00e3o do n\u00edvel do mar.<\/p>\n\n\n\n<p>O problema, por\u00e9m, n\u00e3o se restringe a casos isolados. Pesquisas cient\u00edficas apontam que, nas \u00faltimas tr\u00eas d\u00e9cadas, o Brasil perdeu aproximadamente 15% de sua faixa litor\u00e2nea de areia \u2014 o equivalente a 15 metros a menos a cada 100 de praia.<\/p>\n\n\n\n<p>As \u00e1reas mais impactadas est\u00e3o nos litorais Norte, Nordeste e Sudeste, onde comunidades locais j\u00e1 enfrentam grandes desafios para conter o avan\u00e7o do mar. Al\u00e9m dos preju\u00edzos ambientais, a eros\u00e3o costeira tamb\u00e9m traz s\u00e9rias consequ\u00eancias sociais e econ\u00f4micas.<\/p>\n\n\n\n<p>Comunidades que dependem do turismo veem a perda de faixas de areia reduzir a atra\u00e7\u00e3o de visitantes, comprometendo a renda de moradores e pequenos neg\u00f3cios. Em algumas regi\u00f5es, fam\u00edlias precisam abandonar suas casas diante do risco de desabamento, enquanto gestores p\u00fablicos buscam alternativas emergenciais, como muros de conten\u00e7\u00e3o e obras de engenharia costeira.<\/p>\n\n\n\n<p>Especialistas alertam que, sem pol\u00edticas consistentes de adapta\u00e7\u00e3o e mitiga\u00e7\u00e3o, o cen\u00e1rio tende a se agravar nos pr\u00f3ximos anos. A combina\u00e7\u00e3o entre o aumento do n\u00edvel do mar, mudan\u00e7as clim\u00e1ticas e ocupa\u00e7\u00e3o desordenada do litoral pode acelerar ainda mais a perda de praias e impactar ecossistemas marinhos inteiros, tornando urgente a cria\u00e7\u00e3o de estrat\u00e9gias nacionais para proteger as zonas costeiras brasileiras.<\/p>\n\n\n\n<p><\/p>\n","protected":false},"excerpt":{"rendered":"<p>O avan\u00e7o da eros\u00e3o costeira tem transformado a paisagem do litoral brasileiro e acendido um alerta para autoridades e especialistas. Estudos recentes mostram que cerca de 15% das praias do pa\u00eds j\u00e1 desapareceram parcial ou totalmente, resultado da combina\u00e7\u00e3o entre fatores naturais e impactos da a\u00e7\u00e3o humana. Um dos casos mais emblem\u00e1ticos \u00e9 o de [&hellip;]<\/p>\n","protected":false},"author":4,"featured_media":4874,"comment_status":"open","ping_status":"open","sticky":false,"template":"","format":"standard","meta":{"jnews-multi-image_gallery":[],"jnews_single_post":{"format":"standard"},"jnews_primary_category":[],"jnews_social_meta":[],"jnews_post_split":[],"footnotes":""},"categories":[1],"tags":[],"class_list":["post-5006","post","type-post","status-publish","format-standard","has-post-thumbnail","hentry","category-uncategorized"],"_links":{"self":[{"href":"https:\/\/diariodepernambuco.audiencelabs.com.br\/wp-json\/wp\/v2\/posts\/5006","targetHints":{"allow":["GET"]}}],"collection":[{"href":"https:\/\/diariodepernambuco.audiencelabs.com.br\/wp-json\/wp\/v2\/posts"}],"about":[{"href":"https:\/\/diariodepernambuco.audiencelabs.com.br\/wp-json\/wp\/v2\/types\/post"}],"author":[{"embeddable":true,"href":"https:\/\/diariodepernambuco.audiencelabs.com.br\/wp-json\/wp\/v2\/users\/4"}],"replies":[{"embeddable":true,"href":"https:\/\/diariodepernambuco.audiencelabs.com.br\/wp-json\/wp\/v2\/comments?post=5006"}],"version-history":[{"count":2,"href":"https:\/\/diariodepernambuco.audiencelabs.com.br\/wp-json\/wp\/v2\/posts\/5006\/revisions"}],"predecessor-version":[{"id":5008,"href":"https:\/\/diariodepernambuco.audiencelabs.com.br\/wp-json\/wp\/v2\/posts\/5006\/revisions\/5008"}],"wp:featuredmedia":[{"embeddable":true,"href":"https:\/\/diariodepernambuco.audiencelabs.com.br\/wp-json\/wp\/v2\/media\/4874"}],"wp:attachment":[{"href":"https:\/\/diariodepernambuco.audiencelabs.com.br\/wp-json\/wp\/v2\/media?parent=5006"}],"wp:term":[{"taxonomy":"category","embeddable":true,"href":"https:\/\/diariodepernambuco.audiencelabs.com.br\/wp-json\/wp\/v2\/categories?post=5006"},{"taxonomy":"post_tag","embeddable":true,"href":"https:\/\/diariodepernambuco.audiencelabs.com.br\/wp-json\/wp\/v2\/tags?post=5006"}],"curies":[{"name":"wp","href":"https:\/\/api.w.org\/{rel}","templated":true}]}}