{"id":5048,"date":"2025-10-01T12:30:00","date_gmt":"2025-10-01T15:30:00","guid":{"rendered":"https:\/\/diariodepernambuco.audiencelabs.com.br\/?p=5048"},"modified":"2025-09-30T12:29:38","modified_gmt":"2025-09-30T15:29:38","slug":"detalhe-escondido-na-conta-de-luz-traz-pessima-noticia-aos-brasileiros","status":"publish","type":"post","link":"https:\/\/diariodepernambuco.audiencelabs.com.br\/detalhe-escondido-na-conta-de-luz-traz-pessima-noticia-aos-brasileiros\/","title":{"rendered":"Detalhe escondido na conta de luz traz p\u00e9ssima not\u00edcia aos brasileiros"},"content":{"rendered":"\n<p>Na \u00faltima semana, muitos brasileiros respiraram aliviados ao saber que a conta de luz ter\u00e1 redu\u00e7\u00e3o em outubro. A Ag\u00eancia Nacional de Energia El\u00e9trica (Aneel) informou que a bandeira tarif\u00e1ria ser\u00e1 vermelha patamar 1, mais econ\u00f4mica que a vermelha patamar 2, vigente desde agosto. Mas a alegria durou bem pouco.<\/p>\n\n\n\n<p>Apesar da redu\u00e7\u00e3o, a conta de energia continuar\u00e1 com cobran\u00e7a extra de R$ 4,46 a cada 100 kWh consumidos. Na pr\u00e1tica, isso representa uma diminui\u00e7\u00e3o da taxa adicional, que caiu de R$ 7,87 para R$ 4,46 por 100 kWh. Ou seja, a bandeira ainda permanece no vermelho, indicando condi\u00e7\u00f5es desfavor\u00e1veis para a gera\u00e7\u00e3o de energia, e n\u00e3o retornou para o patamar verde ou amarelo.<\/p>\n\n\n\n<p>De acordo com a Aneel, o principal fator \u00e9 o baixo volume de chuvas, que diminuiu os n\u00edveis dos reservat\u00f3rios e levou \u00e0 ativa\u00e7\u00e3o das usinas termel\u00e9tricas, mais caras e poluentes. \u201cQuando n\u00e3o h\u00e1 chuva suficiente, as hidrel\u00e9tricas geram menos energia e precisamos das termel\u00e9tricas. Esse custo maior \u00e9 repassado ao consumidor por meio das bandeiras tarif\u00e1rias\u201d, explicou a ag\u00eancia.<\/p>\n\n\n\n<p>Mesmo com a bandeira tarif\u00e1ria mais leve, a previs\u00e3o para os pr\u00f3ximos meses n\u00e3o indica al\u00edvio. A Aneel j\u00e1 estima um reajuste m\u00e9dio de 6,3% na conta de luz em 2025, acima da infla\u00e7\u00e3o projetada de 5,05%. Um dos fatores que pressiona a tarifa \u00e9 o or\u00e7amento da Conta de Desenvolvimento Energ\u00e9tico (CDE), um fundo setorial financiado por cobran\u00e7as inclu\u00eddas nas contas de luz, multas e aportes do Tesouro.<\/p>\n\n\n\n<h2 class=\"wp-block-heading\">Como funcionam as bandeiras tarif\u00e1rias<\/h2>\n\n\n\n<p>As bandeiras tarif\u00e1rias s\u00e3o um mecanismo da Ag\u00eancia Nacional de Energia El\u00e9trica (Aneel) usado para indicar ao consumidor o custo da gera\u00e7\u00e3o de energia el\u00e9trica em cada m\u00eas, refletindo condi\u00e7\u00f5es de produ\u00e7\u00e3o e varia\u00e7\u00f5es no sistema el\u00e9trico.<\/p>\n\n\n\n<p><strong>Elas funcionam da seguinte forma:<\/strong><\/p>\n\n\n\n<ul class=\"wp-block-list\">\n<li>Bandeira Verde: indica condi\u00e7\u00f5es favor\u00e1veis de gera\u00e7\u00e3o de energia; n\u00e3o h\u00e1 cobran\u00e7a extra na conta de luz.<\/li>\n<\/ul>\n\n\n\n<ul class=\"wp-block-list\">\n<li>Bandeira Amarela: sinaliza custo um pouco mais elevado; \u00e9 aplicada uma taxa adicional moderada por cada 100 kWh consumidos.<\/li>\n<\/ul>\n\n\n\n<ul class=\"wp-block-list\">\n<li>Bandeira Vermelha: indica condi\u00e7\u00f5es desfavor\u00e1veis, geralmente por baixo n\u00edvel de reservat\u00f3rios ou maior uso de usinas termel\u00e9tricas, mais caras; h\u00e1 cobran\u00e7a adicional mais elevada.<\/li>\n<\/ul>\n\n\n\n<ul class=\"wp-block-list\">\n<li>Vermelha patamar 1 e 2: o patamar 1 tem taxa menor que o patamar 2, mas ambos representam custos adicionais maiores para o consumidor.<\/li>\n<\/ul>\n\n\n\n<p><\/p>\n","protected":false},"excerpt":{"rendered":"<p>Na \u00faltima semana, muitos brasileiros respiraram aliviados ao saber que a conta de luz ter\u00e1 redu\u00e7\u00e3o em outubro. A Ag\u00eancia Nacional de Energia El\u00e9trica (Aneel) informou que a bandeira tarif\u00e1ria ser\u00e1 vermelha patamar 1, mais econ\u00f4mica que a vermelha patamar 2, vigente desde agosto. Mas a alegria durou bem pouco. Apesar da redu\u00e7\u00e3o, a conta [&hellip;]<\/p>\n","protected":false},"author":4,"featured_media":1631,"comment_status":"open","ping_status":"open","sticky":false,"template":"","format":"standard","meta":{"jnews-multi-image_gallery":[],"jnews_single_post":[],"jnews_primary_category":[],"jnews_social_meta":[],"jnews_post_split":[],"footnotes":""},"categories":[1],"tags":[],"class_list":["post-5048","post","type-post","status-publish","format-standard","has-post-thumbnail","hentry","category-uncategorized"],"_links":{"self":[{"href":"https:\/\/diariodepernambuco.audiencelabs.com.br\/wp-json\/wp\/v2\/posts\/5048","targetHints":{"allow":["GET"]}}],"collection":[{"href":"https:\/\/diariodepernambuco.audiencelabs.com.br\/wp-json\/wp\/v2\/posts"}],"about":[{"href":"https:\/\/diariodepernambuco.audiencelabs.com.br\/wp-json\/wp\/v2\/types\/post"}],"author":[{"embeddable":true,"href":"https:\/\/diariodepernambuco.audiencelabs.com.br\/wp-json\/wp\/v2\/users\/4"}],"replies":[{"embeddable":true,"href":"https:\/\/diariodepernambuco.audiencelabs.com.br\/wp-json\/wp\/v2\/comments?post=5048"}],"version-history":[{"count":2,"href":"https:\/\/diariodepernambuco.audiencelabs.com.br\/wp-json\/wp\/v2\/posts\/5048\/revisions"}],"predecessor-version":[{"id":5050,"href":"https:\/\/diariodepernambuco.audiencelabs.com.br\/wp-json\/wp\/v2\/posts\/5048\/revisions\/5050"}],"wp:featuredmedia":[{"embeddable":true,"href":"https:\/\/diariodepernambuco.audiencelabs.com.br\/wp-json\/wp\/v2\/media\/1631"}],"wp:attachment":[{"href":"https:\/\/diariodepernambuco.audiencelabs.com.br\/wp-json\/wp\/v2\/media?parent=5048"}],"wp:term":[{"taxonomy":"category","embeddable":true,"href":"https:\/\/diariodepernambuco.audiencelabs.com.br\/wp-json\/wp\/v2\/categories?post=5048"},{"taxonomy":"post_tag","embeddable":true,"href":"https:\/\/diariodepernambuco.audiencelabs.com.br\/wp-json\/wp\/v2\/tags?post=5048"}],"curies":[{"name":"wp","href":"https:\/\/api.w.org\/{rel}","templated":true}]}}