{"id":5072,"date":"2025-10-01T16:30:00","date_gmt":"2025-10-01T19:30:00","guid":{"rendered":"https:\/\/diariodepernambuco.audiencelabs.com.br\/?p=5072"},"modified":"2025-10-01T22:24:59","modified_gmt":"2025-10-02T01:24:59","slug":"conheca-o-oculos-inteligente-que-promete-dar-fim-nos-celulares","status":"publish","type":"post","link":"https:\/\/diariodepernambuco.audiencelabs.com.br\/conheca-o-oculos-inteligente-que-promete-dar-fim-nos-celulares\/","title":{"rendered":"Conhe\u00e7a o \u00f3culos inteligente que promete dar fim aos celulares"},"content":{"rendered":"\n<p>A Meta acaba de lan\u00e7ar um \u00f3culos inteligente que promete revolucionar a forma como interagimos com a tecnologia, oferecendo uma alternativa pr\u00e1tica e inovadora ao uso constante de celulares. Com funcionalidades que v\u00e3o desde notifica\u00e7\u00f5es discretas at\u00e9 recursos de realidade aumentada, o dispositivo busca integrar comunica\u00e7\u00e3o, entretenimento e produtividade diretamente no campo de vis\u00e3o do usu\u00e1rio.<\/p>\n\n\n\n<p>O novo \u00f3culos inteligente da Meta permite que o usu\u00e1rio acesse mensagens, chamadas e alertas sem precisar tirar o celular do bolso, tornando o dia a dia mais \u00e1gil e conectado. Al\u00e9m disso, ele conta com sensores avan\u00e7ados e c\u00e2meras integradas, capazes de mapear o ambiente, reconhecer gestos e at\u00e9 projetar informa\u00e7\u00f5es digitais sobre o mundo real.<\/p>\n\n\n\n<p>Com design moderno e leve, o aparelho tamb\u00e9m foi pensado para oferecer conforto durante longos per\u00edodos de uso, trazendo uma nova perspectiva sobre como dispositivos wearable podem substituir parcialmente a depend\u00eancia de smartphones.<\/p>\n\n\n\n<p>Outro destaque do \u00f3culos inteligente \u00e9 a integra\u00e7\u00e3o com aplicativos populares, permitindo que o usu\u00e1rio visualize notifica\u00e7\u00f5es de redes sociais, controle m\u00fasicas, fa\u00e7a videochamadas e at\u00e9 acesse ferramentas de produtividade sem precisar tocar no celular. A Meta tamb\u00e9m investiu em recursos de privacidade e seguran\u00e7a, como alertas quando c\u00e2meras ou microfones est\u00e3o ativos.<\/p>\n\n\n\n<p>Com essa inova\u00e7\u00e3o, a empresa aposta em criar um ecossistema em que a intera\u00e7\u00e3o digital se torne mais natural, eficiente e menos intrusiva, abrindo caminho para uma nova era de dispositivos vest\u00edveis. O lan\u00e7amento do \u00f3culos inteligente da Meta representa apenas o in\u00edcio de uma corrida tecnol\u00f3gica que deve transformar o mercado de wearables.<\/p>\n\n\n\n<p>Com a concorr\u00eancia de gigantes como Apple e Google, espera-se que nos pr\u00f3ximos anos surjam dispositivos cada vez mais sofisticados, capazes de combinar realidade aumentada, intelig\u00eancia artificial e conectividade cont\u00ednua. A tend\u00eancia \u00e9 que esses equipamentos n\u00e3o apenas substituam fun\u00e7\u00f5es do celular, mas tamb\u00e9m criem novas formas de intera\u00e7\u00e3o, trabalho e entretenimento.<\/p>\n\n\n\n<p><\/p>\n","protected":false},"excerpt":{"rendered":"<p>A Meta acaba de lan\u00e7ar um \u00f3culos inteligente que promete revolucionar a forma como interagimos com a tecnologia, oferecendo uma alternativa pr\u00e1tica e inovadora ao uso constante de celulares. Com funcionalidades que v\u00e3o desde notifica\u00e7\u00f5es discretas at\u00e9 recursos de realidade aumentada, o dispositivo busca integrar comunica\u00e7\u00e3o, entretenimento e produtividade diretamente no campo de vis\u00e3o do [&hellip;]<\/p>\n","protected":false},"author":4,"featured_media":5074,"comment_status":"open","ping_status":"open","sticky":false,"template":"","format":"standard","meta":{"jnews-multi-image_gallery":[],"jnews_single_post":{"format":"standard"},"jnews_primary_category":[],"jnews_social_meta":[],"jnews_post_split":[],"footnotes":""},"categories":[1],"tags":[],"class_list":["post-5072","post","type-post","status-publish","format-standard","has-post-thumbnail","hentry","category-uncategorized"],"_links":{"self":[{"href":"https:\/\/diariodepernambuco.audiencelabs.com.br\/wp-json\/wp\/v2\/posts\/5072","targetHints":{"allow":["GET"]}}],"collection":[{"href":"https:\/\/diariodepernambuco.audiencelabs.com.br\/wp-json\/wp\/v2\/posts"}],"about":[{"href":"https:\/\/diariodepernambuco.audiencelabs.com.br\/wp-json\/wp\/v2\/types\/post"}],"author":[{"embeddable":true,"href":"https:\/\/diariodepernambuco.audiencelabs.com.br\/wp-json\/wp\/v2\/users\/4"}],"replies":[{"embeddable":true,"href":"https:\/\/diariodepernambuco.audiencelabs.com.br\/wp-json\/wp\/v2\/comments?post=5072"}],"version-history":[{"count":3,"href":"https:\/\/diariodepernambuco.audiencelabs.com.br\/wp-json\/wp\/v2\/posts\/5072\/revisions"}],"predecessor-version":[{"id":5224,"href":"https:\/\/diariodepernambuco.audiencelabs.com.br\/wp-json\/wp\/v2\/posts\/5072\/revisions\/5224"}],"wp:featuredmedia":[{"embeddable":true,"href":"https:\/\/diariodepernambuco.audiencelabs.com.br\/wp-json\/wp\/v2\/media\/5074"}],"wp:attachment":[{"href":"https:\/\/diariodepernambuco.audiencelabs.com.br\/wp-json\/wp\/v2\/media?parent=5072"}],"wp:term":[{"taxonomy":"category","embeddable":true,"href":"https:\/\/diariodepernambuco.audiencelabs.com.br\/wp-json\/wp\/v2\/categories?post=5072"},{"taxonomy":"post_tag","embeddable":true,"href":"https:\/\/diariodepernambuco.audiencelabs.com.br\/wp-json\/wp\/v2\/tags?post=5072"}],"curies":[{"name":"wp","href":"https:\/\/api.w.org\/{rel}","templated":true}]}}