{"id":5076,"date":"2025-10-01T17:30:00","date_gmt":"2025-10-01T20:30:00","guid":{"rendered":"https:\/\/diariodepernambuco.audiencelabs.com.br\/?p=5076"},"modified":"2025-09-30T15:14:45","modified_gmt":"2025-09-30T18:14:45","slug":"video-alexandre-de-moraes-e-lula-conversam-sobre-yuri-alberto","status":"publish","type":"post","link":"https:\/\/diariodepernambuco.audiencelabs.com.br\/video-alexandre-de-moraes-e-lula-conversam-sobre-yuri-alberto\/","title":{"rendered":"V\u00eddeo: Alexandre de Moraes e Lula conversam sobre Yuri Alberto"},"content":{"rendered":"\n<p>Em um plen\u00e1rio repleto de mais de 1.110 convidados, que se acomodavam entre poltronas, cadeiras e corredores, o Supremo Tribunal Federal (STF) empossou seu novo presidente, Edson Fachin, e o vice-presidente, Alexandre de Moraes. Entre o p\u00fablico, o presidente Luiz In\u00e1cio Lula da Silva acompanhou a cerim\u00f4nia ao lado da primeira-dama, Janja.<\/p>\n\n\n\n<p>Horas depois do encerramento da posse de Fachin, o pr\u00f3prio Lula compartilhou um v\u00eddeo com cenas de sua visita ao STF e uma intera\u00e7\u00e3o com Alexandre de Moraes chamou a aten\u00e7\u00e3o. Os dois aparecem rindo ap\u00f3s o ministro brincar com o presidente ao perguntar do atacante Yuri Alberto, que havia perdido um p\u00eanalti pelo Corinthians um dia antes.<\/p>\n\n\n\n<figure class=\"wp-block-embed is-type-rich is-provider-twitter wp-block-embed-twitter\"><div class=\"wp-block-embed__wrapper\">\n<blockquote class=\"twitter-tweet\" data-width=\"500\" data-dnt=\"true\"><p lang=\"pt\" dir=\"ltr\">Alexandre de Moraes para Lula no STF: &quot;E o Yuri Alberto, hein?&quot;<br><br>\ud83c\udfa5 Reprodu\u00e7\u00e3o <a href=\"https:\/\/t.co\/ebQrf69W5W\" target=\"_blank\">pic.twitter.com\/ebQrf69W5W<\/a><\/p>&mdash; Planeta do Futebol \ud83c\udf0e (@futebol_info) <a href=\"https:\/\/twitter.com\/futebol_info\/status\/1973032865404420592?ref_src=twsrc%5Etfw\" target=\"_blank\" rel=\"noopener\">September 30, 2025<\/a><\/blockquote><script async src=\"https:\/\/platform.twitter.com\/widgets.js\" charset=\"utf-8\"><\/script>\n<\/div><\/figure>\n\n\n\n<p>Nas imagens \u00e9 poss\u00edvel ver Lula colocando as m\u00e3os do rosto em forma de lamenta\u00e7\u00e3o. Assim como o presidente, Alexandre de Moraes \u00e9 torcedor declarado do Corinthians e j\u00e1 marcou presen\u00e7a na Neo Qu\u00edmica Arena em diversas oportunidades. No domingo (28), o Alvinegro foi derrotado, em casa, pelo Flamengo, atual l\u00edder do Campeonato Brasileiro.<\/p>\n\n\n\n<p>Mesmo ap\u00f3s perder a penalidade de maneira bisonha, ao apenas recuar a bola para o goleiro Rossi, Yuri Alberto abriu o placar para o Corinthians. O Flamengo, no entanto, viraria a partida com gols de Arrascaeta e Luiz Ara\u00fajo.<\/p>\n\n\n\n<h2 class=\"wp-block-heading\">Flamengo chegou a 53% de chances de t\u00edtulo<\/h2>\n\n\n\n<p>Com o triunfo, o Flamengo chegou aos 54 pontos conquistados e, segundo c\u00e1lculos da Faculdade de Matem\u00e1tica da Universidade Federal de Minas Gerais (UFMG), alcan\u00e7ou os 53% de probabilidade de ficar com o trof\u00e9u do Brasileir\u00e3o. Vice-l\u00edder, o Cruzeiro tem apenas 15,3% de chances. J\u00e1 o Palmeiras, terceiro colocado, tem n\u00fameros melhores: 30,1%.<\/p>\n\n\n\n<p>A diferen\u00e7a se explica no n\u00famero de jogos disputados. Enquanto o Cruzeiro j\u00e1 tem 25 partidas, o Palmeiras ainda tem dois jogos a cumprir contra Juventude e Santos. Fechando o G4, o surpreendente Mirassol tem probabilidade de 1,2% de ser campe\u00e3o.<\/p>\n\n\n\n<p><\/p>\n","protected":false},"excerpt":{"rendered":"<p>Em um plen\u00e1rio repleto de mais de 1.110 convidados, que se acomodavam entre poltronas, cadeiras e corredores, o Supremo Tribunal Federal (STF) empossou seu novo presidente, Edson Fachin, e o vice-presidente, Alexandre de Moraes. Entre o p\u00fablico, o presidente Luiz In\u00e1cio Lula da Silva acompanhou a cerim\u00f4nia ao lado da primeira-dama, Janja. Horas depois do [&hellip;]<\/p>\n","protected":false},"author":4,"featured_media":5079,"comment_status":"open","ping_status":"open","sticky":false,"template":"","format":"standard","meta":{"jnews-multi-image_gallery":[],"jnews_single_post":{"format":"standard"},"jnews_primary_category":[],"jnews_social_meta":[],"jnews_post_split":[],"footnotes":""},"categories":[1],"tags":[],"class_list":["post-5076","post","type-post","status-publish","format-standard","has-post-thumbnail","hentry","category-uncategorized"],"_links":{"self":[{"href":"https:\/\/diariodepernambuco.audiencelabs.com.br\/wp-json\/wp\/v2\/posts\/5076","targetHints":{"allow":["GET"]}}],"collection":[{"href":"https:\/\/diariodepernambuco.audiencelabs.com.br\/wp-json\/wp\/v2\/posts"}],"about":[{"href":"https:\/\/diariodepernambuco.audiencelabs.com.br\/wp-json\/wp\/v2\/types\/post"}],"author":[{"embeddable":true,"href":"https:\/\/diariodepernambuco.audiencelabs.com.br\/wp-json\/wp\/v2\/users\/4"}],"replies":[{"embeddable":true,"href":"https:\/\/diariodepernambuco.audiencelabs.com.br\/wp-json\/wp\/v2\/comments?post=5076"}],"version-history":[{"count":2,"href":"https:\/\/diariodepernambuco.audiencelabs.com.br\/wp-json\/wp\/v2\/posts\/5076\/revisions"}],"predecessor-version":[{"id":5081,"href":"https:\/\/diariodepernambuco.audiencelabs.com.br\/wp-json\/wp\/v2\/posts\/5076\/revisions\/5081"}],"wp:featuredmedia":[{"embeddable":true,"href":"https:\/\/diariodepernambuco.audiencelabs.com.br\/wp-json\/wp\/v2\/media\/5079"}],"wp:attachment":[{"href":"https:\/\/diariodepernambuco.audiencelabs.com.br\/wp-json\/wp\/v2\/media?parent=5076"}],"wp:term":[{"taxonomy":"category","embeddable":true,"href":"https:\/\/diariodepernambuco.audiencelabs.com.br\/wp-json\/wp\/v2\/categories?post=5076"},{"taxonomy":"post_tag","embeddable":true,"href":"https:\/\/diariodepernambuco.audiencelabs.com.br\/wp-json\/wp\/v2\/tags?post=5076"}],"curies":[{"name":"wp","href":"https:\/\/api.w.org\/{rel}","templated":true}]}}