{"id":5083,"date":"2025-09-30T18:28:45","date_gmt":"2025-09-30T21:28:45","guid":{"rendered":"https:\/\/diariodepernambuco.audiencelabs.com.br\/?p=5083"},"modified":"2025-09-30T18:28:49","modified_gmt":"2025-09-30T21:28:49","slug":"brasileiros-vao-receber-pagamento-extra-no-ultimo-dia-de-setembro","status":"publish","type":"post","link":"https:\/\/diariodepernambuco.audiencelabs.com.br\/brasileiros-vao-receber-pagamento-extra-no-ultimo-dia-de-setembro\/","title":{"rendered":"Brasileiros v\u00e3o receber pagamento extra no \u00faltimo dia de setembro"},"content":{"rendered":"\n<p>A Receita Federal iniciou nesta ter\u00e7a-feira (30) o pagamento do quinto lote de restitui\u00e7\u00e3o do Imposto de Renda Pessoa F\u00edsica (IRPF) 2025. Ser\u00e3o liberadas 387.277 restitui\u00e7\u00f5es, somando mais de R$ 1 bilh\u00e3o, com dep\u00f3sito direto na conta banc\u00e1ria ou via chave PIX indicada pelo contribuinte.<\/p>\n\n\n\n<p>O lote contempla declara\u00e7\u00f5es entregues fora do prazo, mas regularizadas, al\u00e9m de restitui\u00e7\u00f5es residuais de anos anteriores, beneficiando tanto contribuintes priorit\u00e1rios quanto n\u00e3o priorit\u00e1rios. De acordo com o Minist\u00e9rio da Fazenda, dos R$ 1.035.303.774,57 em cr\u00e9ditos a serem pagos, R$ 507.130.623,63 correspondem a contribuintes priorit\u00e1rios.<\/p>\n\n\n\n<p>Do total, 15.604 restitui\u00e7\u00f5es ser\u00e3o destinadas a idosos com mais de 80 anos; 66.637 a contribuintes entre 60 e 79 anos; 6.968 a pessoas com defici\u00eancia f\u00edsica, mental ou com doen\u00e7a grave; e 16.926 a contribuintes cuja principal fonte de renda \u00e9 o magist\u00e9rio.<\/p>\n\n\n\n<p>A consulta estar\u00e1 dispon\u00edvel no site da Receita Federal: o contribuinte deve acessar a op\u00e7\u00e3o Meu Imposto de Renda e, em seguida, clicar em Consultar a Restitui\u00e7\u00e3o. O procedimento tamb\u00e9m pode ser feito pelo aplicativo da Receita Federal em tablets e smartphones.<\/p>\n\n\n\n<p>Se o nome n\u00e3o constar na lista, \u00e9 necess\u00e1rio acessar o Centro Virtual de Atendimento ao Contribuinte (e-CAC) e emitir o extrato da declara\u00e7\u00e3o. Se, por algum motivo, o cr\u00e9dito da restitui\u00e7\u00e3o n\u00e3o for realizado na conta indicada na declara\u00e7\u00e3o \u2014 por exemplo, em caso de conta encerrada \u2014, os valores permanecer\u00e3o dispon\u00edveis para saque no Banco do Brasil pelo prazo de at\u00e9 um ano.<\/p>\n\n\n\n<p>Nessas situa\u00e7\u00f5es, o contribuinte pode solicitar o agendamento do cr\u00e9dito para qualquer conta banc\u00e1ria de sua titularidade, acessando o Portal BB ou entrando em contato com a Central de Relacionamento do Banco do Brasil, pelos n\u00fameros: 4004-0001 (capitais), 0800-729-0001 (demais regi\u00f5es) e 0800-729-0088 (canal exclusivo para pessoas com defici\u00eancia auditiva).<\/p>\n\n\n\n<p><\/p>\n","protected":false},"excerpt":{"rendered":"<p>A Receita Federal iniciou nesta ter\u00e7a-feira (30) o pagamento do quinto lote de restitui\u00e7\u00e3o do Imposto de Renda Pessoa F\u00edsica (IRPF) 2025. Ser\u00e3o liberadas 387.277 restitui\u00e7\u00f5es, somando mais de R$ 1 bilh\u00e3o, com dep\u00f3sito direto na conta banc\u00e1ria ou via chave PIX indicada pelo contribuinte. O lote contempla declara\u00e7\u00f5es entregues fora do prazo, mas regularizadas, [&hellip;]<\/p>\n","protected":false},"author":4,"featured_media":5084,"comment_status":"open","ping_status":"open","sticky":false,"template":"","format":"standard","meta":{"jnews-multi-image_gallery":[],"jnews_single_post":{"format":"standard"},"jnews_primary_category":[],"jnews_social_meta":[],"jnews_post_split":[],"footnotes":""},"categories":[1],"tags":[],"class_list":["post-5083","post","type-post","status-publish","format-standard","has-post-thumbnail","hentry","category-uncategorized"],"_links":{"self":[{"href":"https:\/\/diariodepernambuco.audiencelabs.com.br\/wp-json\/wp\/v2\/posts\/5083","targetHints":{"allow":["GET"]}}],"collection":[{"href":"https:\/\/diariodepernambuco.audiencelabs.com.br\/wp-json\/wp\/v2\/posts"}],"about":[{"href":"https:\/\/diariodepernambuco.audiencelabs.com.br\/wp-json\/wp\/v2\/types\/post"}],"author":[{"embeddable":true,"href":"https:\/\/diariodepernambuco.audiencelabs.com.br\/wp-json\/wp\/v2\/users\/4"}],"replies":[{"embeddable":true,"href":"https:\/\/diariodepernambuco.audiencelabs.com.br\/wp-json\/wp\/v2\/comments?post=5083"}],"version-history":[{"count":1,"href":"https:\/\/diariodepernambuco.audiencelabs.com.br\/wp-json\/wp\/v2\/posts\/5083\/revisions"}],"predecessor-version":[{"id":5085,"href":"https:\/\/diariodepernambuco.audiencelabs.com.br\/wp-json\/wp\/v2\/posts\/5083\/revisions\/5085"}],"wp:featuredmedia":[{"embeddable":true,"href":"https:\/\/diariodepernambuco.audiencelabs.com.br\/wp-json\/wp\/v2\/media\/5084"}],"wp:attachment":[{"href":"https:\/\/diariodepernambuco.audiencelabs.com.br\/wp-json\/wp\/v2\/media?parent=5083"}],"wp:term":[{"taxonomy":"category","embeddable":true,"href":"https:\/\/diariodepernambuco.audiencelabs.com.br\/wp-json\/wp\/v2\/categories?post=5083"},{"taxonomy":"post_tag","embeddable":true,"href":"https:\/\/diariodepernambuco.audiencelabs.com.br\/wp-json\/wp\/v2\/tags?post=5083"}],"curies":[{"name":"wp","href":"https:\/\/api.w.org\/{rel}","templated":true}]}}