{"id":5086,"date":"2025-10-01T19:00:00","date_gmt":"2025-10-01T22:00:00","guid":{"rendered":"https:\/\/diariodepernambuco.audiencelabs.com.br\/?p=5086"},"modified":"2025-09-30T18:40:29","modified_gmt":"2025-09-30T21:40:29","slug":"voce-sabia-nao-se-pode-beber-alcool-no-calor-extremo","status":"publish","type":"post","link":"https:\/\/diariodepernambuco.audiencelabs.com.br\/voce-sabia-nao-se-pode-beber-alcool-no-calor-extremo\/","title":{"rendered":"Voc\u00ea sabia? N\u00e3o se pode beber \u00e1lcool no calor extremo"},"content":{"rendered":"\n<p>Pouca gente sabe, mas combinar calor intenso com o consumo de bebidas alco\u00f3licas pode trazer s\u00e9rios riscos \u00e0 sa\u00fade. Em dias de temperaturas elevadas, o corpo j\u00e1 enfrenta maior esfor\u00e7o para manter a hidrata\u00e7\u00e3o e regular a temperatura, e o \u00e1lcool potencializa a desidrata\u00e7\u00e3o e a sobrecarga do organismo.<\/p>\n\n\n\n<p>O consumo de \u00e1lcool em altas temperaturas aumenta a perda de l\u00edquidos, j\u00e1 que a subst\u00e2ncia tem efeito diur\u00e9tico e intensifica a elimina\u00e7\u00e3o de \u00e1gua e sais minerais pela urina. Isso pode provocar tontura, fraqueza, queda de press\u00e3o arterial e at\u00e9 desmaios, al\u00e9m de elevar o risco de insola\u00e7\u00e3o e exaust\u00e3o t\u00e9rmica.<\/p>\n\n\n\n<p>Outro ponto de aten\u00e7\u00e3o \u00e9 que a bebida alco\u00f3lica interfere na percep\u00e7\u00e3o dos sinais de alerta do corpo, como sede e cansa\u00e7o, o que faz muitas pessoas ignorarem os sintomas iniciais da desidrata\u00e7\u00e3o. Por isso, especialistas recomendam redobrar os cuidados e priorizar sempre a ingest\u00e3o de \u00e1gua e l\u00edquidos isot\u00f4nicos em dias de calor extremo.<\/p>\n\n\n\n<p>Al\u00e9m disso, a combina\u00e7\u00e3o de \u00e1lcool e calor intenso pode afetar diretamente o funcionamento do cora\u00e7\u00e3o e do sistema nervoso central. O esfor\u00e7o adicional para manter a temperatura corporal est\u00e1vel, somado ao efeito depressor do \u00e1lcool, pode resultar em arritmias, dificuldades de coordena\u00e7\u00e3o motora e at\u00e9 perda moment\u00e2nea de consci\u00eancia.<\/p>\n\n\n\n<p>Em situa\u00e7\u00f5es mais graves, a soma desses fatores pode evoluir para quadros de desidrata\u00e7\u00e3o severa e colapso circulat\u00f3rio, exigindo atendimento m\u00e9dico imediato. Dar prefer\u00eancia a \u00e1gua, sucos naturais e bebidas isot\u00f4nicas \u00e9 a forma mais segura de manter o organismo equilibrado, garantindo bem-estar e prevenindo complica\u00e7\u00f5es de sa\u00fade.<\/p>\n\n\n\n<p><\/p>\n","protected":false},"excerpt":{"rendered":"<p>Pouca gente sabe, mas combinar calor intenso com o consumo de bebidas alco\u00f3licas pode trazer s\u00e9rios riscos \u00e0 sa\u00fade. Em dias de temperaturas elevadas, o corpo j\u00e1 enfrenta maior esfor\u00e7o para manter a hidrata\u00e7\u00e3o e regular a temperatura, e o \u00e1lcool potencializa a desidrata\u00e7\u00e3o e a sobrecarga do organismo. O consumo de \u00e1lcool em altas [&hellip;]<\/p>\n","protected":false},"author":4,"featured_media":5088,"comment_status":"open","ping_status":"open","sticky":false,"template":"","format":"standard","meta":{"jnews-multi-image_gallery":[],"jnews_single_post":{"format":"standard"},"jnews_primary_category":[],"jnews_social_meta":[],"jnews_post_split":[],"footnotes":""},"categories":[1],"tags":[],"class_list":["post-5086","post","type-post","status-publish","format-standard","has-post-thumbnail","hentry","category-uncategorized"],"_links":{"self":[{"href":"https:\/\/diariodepernambuco.audiencelabs.com.br\/wp-json\/wp\/v2\/posts\/5086","targetHints":{"allow":["GET"]}}],"collection":[{"href":"https:\/\/diariodepernambuco.audiencelabs.com.br\/wp-json\/wp\/v2\/posts"}],"about":[{"href":"https:\/\/diariodepernambuco.audiencelabs.com.br\/wp-json\/wp\/v2\/types\/post"}],"author":[{"embeddable":true,"href":"https:\/\/diariodepernambuco.audiencelabs.com.br\/wp-json\/wp\/v2\/users\/4"}],"replies":[{"embeddable":true,"href":"https:\/\/diariodepernambuco.audiencelabs.com.br\/wp-json\/wp\/v2\/comments?post=5086"}],"version-history":[{"count":2,"href":"https:\/\/diariodepernambuco.audiencelabs.com.br\/wp-json\/wp\/v2\/posts\/5086\/revisions"}],"predecessor-version":[{"id":5090,"href":"https:\/\/diariodepernambuco.audiencelabs.com.br\/wp-json\/wp\/v2\/posts\/5086\/revisions\/5090"}],"wp:featuredmedia":[{"embeddable":true,"href":"https:\/\/diariodepernambuco.audiencelabs.com.br\/wp-json\/wp\/v2\/media\/5088"}],"wp:attachment":[{"href":"https:\/\/diariodepernambuco.audiencelabs.com.br\/wp-json\/wp\/v2\/media?parent=5086"}],"wp:term":[{"taxonomy":"category","embeddable":true,"href":"https:\/\/diariodepernambuco.audiencelabs.com.br\/wp-json\/wp\/v2\/categories?post=5086"},{"taxonomy":"post_tag","embeddable":true,"href":"https:\/\/diariodepernambuco.audiencelabs.com.br\/wp-json\/wp\/v2\/tags?post=5086"}],"curies":[{"name":"wp","href":"https:\/\/api.w.org\/{rel}","templated":true}]}}