{"id":5094,"date":"2025-10-04T14:15:00","date_gmt":"2025-10-04T17:15:00","guid":{"rendered":"https:\/\/diariodepernambuco.audiencelabs.com.br\/?p=5094"},"modified":"2025-09-30T19:08:40","modified_gmt":"2025-09-30T22:08:40","slug":"zubeldia-mal-chegou-no-fluminense-e-ja-foi-parar-na-justica","status":"publish","type":"post","link":"https:\/\/diariodepernambuco.audiencelabs.com.br\/zubeldia-mal-chegou-no-fluminense-e-ja-foi-parar-na-justica\/","title":{"rendered":"Zubeld\u00eda mal chegou no Fluminense e j\u00e1 foi parar na Justi\u00e7a"},"content":{"rendered":"\n<p>Contratado para o lugar de Renato Portaluppi, que pediu demiss\u00e3o ap\u00f3s a elimina\u00e7\u00e3o para o Lan\u00fas (ARG) na Copa Sul-Americana, o t\u00e9cnico Luis Zubeld\u00eda, de 44 anos, estreou com o p\u00e9 direito no comando do Fluminense. No domingo (28), o time carioca venceu o cl\u00e1ssico contra o Botafogo pelo placar de 2 a 0, com gols de Germ\u00e1n Cano e Lima.<\/p>\n\n\n\n<p>As comemora\u00e7\u00f5es para o treinador argentino, no entanto, duraram pouco. Isto porque, na \u00faltima segunda-feira (29), o Independiente del Valle anunciou que vai acionar a Justi\u00e7a contra Zubeld\u00eda. Tudo porque o t\u00e9cnico, ex-comandante dos rivais LDU e Barcelona de Guayaquil, afirmou que o clube \u00e9 favorecido pela Federa\u00e7\u00e3o Equatoriana de Futebol.<\/p>\n\n\n\n<p>Al\u00e9m de Zubeld\u00eda, o presidente vital\u00edcio do Mushuc Runa, Luis Alfonso Chango, tamb\u00e9m ser\u00e1 alvo de processo. O dirigente acusou o Independiente de manipular \u00e1rbitros para vencer partidas, ap\u00f3s um desentendimento com o t\u00e9cnico Javier Rabanal. Segundo Santiago Larriva, diretor do Del Valle, a a\u00e7\u00e3o tem como objetivo proteger a integridade do clube.<\/p>\n\n\n\n<p>&#8220;Chega de cal\u00fanias. O Independiente del Valle \u00e9 um clube diferente. Acreditamos no jogo limpo, no esfor\u00e7o, nos processos e no trabalho bem feito. (\u2026) Nos \u00faltimos dias, tanto Luis Alfonso Chango, do Mushuc Runa, quanto Luis Zubeld\u00eda, em diferentes espa\u00e7os e tons, se permitiram acusar nosso time e nossos dirigentes. N\u00e3o vamos deixar isso passar&#8221;, disse Larriva.<\/p>\n\n\n\n<h2 class=\"wp-block-heading\">Os jogos da 27\u00aa rodada do Brasileir\u00e3o<\/h2>\n\n\n\n<ul class=\"wp-block-list\">\n<li>04\/10, 18h30 &#8211; Fluminense x Atl\u00e9tico-MG<\/li>\n\n\n\n<li>04\/10, 18h30 &#8211; RB Bragantino x Gr\u00eamio<\/li>\n\n\n\n<li>04\/10, 18h30 &#8211; Internacional x Botafogo<\/li>\n\n\n\n<li>04\/10, 21h00 &#8211; Corinthians x Mirassol<\/li>\n\n\n\n<li>05\/10, 16h00 &#8211; Vasco da Gama x Vit\u00f3ria<\/li>\n\n\n\n<li>05\/10, 16h00 &#8211; S\u00e3o Paulo x Palmeiras<\/li>\n\n\n\n<li>05\/10, 18h30 &#8211; Bahia x Flamengo<\/li>\n\n\n\n<li>05\/10, 18h30 &#8211; Juventude x Fortaleza<\/li>\n\n\n\n<li>05\/10, 20h30 &#8211; Cruzeiro x Sport Recife<\/li>\n\n\n\n<li>05\/10, 20h30 &#8211; Cear\u00e1 x Santos<\/li>\n<\/ul>\n\n\n\n<p><\/p>\n","protected":false},"excerpt":{"rendered":"<p>Contratado para o lugar de Renato Portaluppi, que pediu demiss\u00e3o ap\u00f3s a elimina\u00e7\u00e3o para o Lan\u00fas (ARG) na Copa Sul-Americana, o t\u00e9cnico Luis Zubeld\u00eda, de 44 anos, estreou com o p\u00e9 direito no comando do Fluminense. No domingo (28), o time carioca venceu o cl\u00e1ssico contra o Botafogo pelo placar de 2 a 0, com [&hellip;]<\/p>\n","protected":false},"author":4,"featured_media":5096,"comment_status":"open","ping_status":"open","sticky":false,"template":"","format":"standard","meta":{"jnews-multi-image_gallery":[],"jnews_single_post":[],"jnews_primary_category":[],"jnews_social_meta":[],"jnews_post_split":[],"footnotes":""},"categories":[1],"tags":[],"class_list":["post-5094","post","type-post","status-publish","format-standard","has-post-thumbnail","hentry","category-uncategorized"],"_links":{"self":[{"href":"https:\/\/diariodepernambuco.audiencelabs.com.br\/wp-json\/wp\/v2\/posts\/5094","targetHints":{"allow":["GET"]}}],"collection":[{"href":"https:\/\/diariodepernambuco.audiencelabs.com.br\/wp-json\/wp\/v2\/posts"}],"about":[{"href":"https:\/\/diariodepernambuco.audiencelabs.com.br\/wp-json\/wp\/v2\/types\/post"}],"author":[{"embeddable":true,"href":"https:\/\/diariodepernambuco.audiencelabs.com.br\/wp-json\/wp\/v2\/users\/4"}],"replies":[{"embeddable":true,"href":"https:\/\/diariodepernambuco.audiencelabs.com.br\/wp-json\/wp\/v2\/comments?post=5094"}],"version-history":[{"count":2,"href":"https:\/\/diariodepernambuco.audiencelabs.com.br\/wp-json\/wp\/v2\/posts\/5094\/revisions"}],"predecessor-version":[{"id":5098,"href":"https:\/\/diariodepernambuco.audiencelabs.com.br\/wp-json\/wp\/v2\/posts\/5094\/revisions\/5098"}],"wp:featuredmedia":[{"embeddable":true,"href":"https:\/\/diariodepernambuco.audiencelabs.com.br\/wp-json\/wp\/v2\/media\/5096"}],"wp:attachment":[{"href":"https:\/\/diariodepernambuco.audiencelabs.com.br\/wp-json\/wp\/v2\/media?parent=5094"}],"wp:term":[{"taxonomy":"category","embeddable":true,"href":"https:\/\/diariodepernambuco.audiencelabs.com.br\/wp-json\/wp\/v2\/categories?post=5094"},{"taxonomy":"post_tag","embeddable":true,"href":"https:\/\/diariodepernambuco.audiencelabs.com.br\/wp-json\/wp\/v2\/tags?post=5094"}],"curies":[{"name":"wp","href":"https:\/\/api.w.org\/{rel}","templated":true}]}}