{"id":5139,"date":"2025-10-01T10:08:00","date_gmt":"2025-10-01T13:08:00","guid":{"rendered":"https:\/\/diariodepernambuco.audiencelabs.com.br\/?p=5139"},"modified":"2025-10-01T10:08:17","modified_gmt":"2025-10-01T13:08:17","slug":"band-surpreende-e-anuncia-retorno-historico-de-apresentadora-famosa","status":"publish","type":"post","link":"https:\/\/diariodepernambuco.audiencelabs.com.br\/band-surpreende-e-anuncia-retorno-historico-de-apresentadora-famosa\/","title":{"rendered":"Band surpreende e anuncia retorno hist\u00f3rico de apresentadora famosa"},"content":{"rendered":"\n<p>A apresentadora Chris Flores, que se desligou do SBT em abril do ano passado, est\u00e1 de volta \u00e0 TV. Ela fechou acordo com a Band e deve assumir o comando do Melhor da Tarde ao lado de Leo Dias. O contrato foi oficializado na \u00faltima segunda-feira (29\/9).<\/p>\n\n\n\n<p>Segundo fontes pr\u00f3ximas \u00e0 negocia\u00e7\u00e3o, Chris fechou com a Band por um sal\u00e1rio de R$ 25 mil \u2014 bem abaixo dos R$ 60 mil que recebia no SBT, quando apresentava o Fofocalizando. A escolha foi impulsionada pela vontade de retornar \u00e0 TV e reconquistar espa\u00e7o ap\u00f3s um tempo afastada dos holofotes.<\/p>\n\n\n\n<p>Chris deixou oficialmente o SBT em abril de 2024, ap\u00f3s ter solicitado sua sa\u00edda do Fofocalizando ainda em novembro de 2023. Na ocasi\u00e3o, explicou que n\u00e3o se identificava mais com o formato de fofocas. Desde ent\u00e3o, passou a se dedicar aos estudos, concluindo a gradua\u00e7\u00e3o em Hist\u00f3ria, al\u00e9m de manter um canal no YouTube, que j\u00e1 ultrapassa a marca de 315 mil inscritos.<\/p>\n\n\n\n<p>A volta \u00e0 televis\u00e3o tamb\u00e9m simboliza uma reaproxima\u00e7\u00e3o com Leo Dias, com quem Chris j\u00e1 dividiu a bancada no SBT. Foi o jornalista, ali\u00e1s, quem sugeriu seu nome \u00e0 Band. Nessa nova etapa, a apresentadora n\u00e3o ficar\u00e1 limitada \u00e0s not\u00edcias de celebridades: deve ainda conduzir entrevistas, receitas e outros quadros do programa.<\/p>\n\n\n\n<h2 class=\"wp-block-heading\">A carreira de Chris Flores, nova contratada da Band<\/h2>\n\n\n\n<p>Chris Flores \u00e9 jornalista, apresentadora e escritora. Formada em Jornalismo, iniciou a carreira na imprensa escrita, passando por ve\u00edculos como Folha de S. Paulo, Di\u00e1rio de S. Paulo e revistas da Editora Abril.<\/p>\n\n\n\n<p>Sua proje\u00e7\u00e3o nacional veio na televis\u00e3o, principalmente no SBT, onde comandou programas como Eliana (no quadro Rola ou Enrola), Troca de Fam\u00edlia, Fofocalizando e substitui\u00e7\u00f5es no Bom Dia &amp; Cia. Ao longo da trajet\u00f3ria, ficou conhecida pelo estilo comunicativo e pelo bom tr\u00e2nsito entre o jornalismo de variedades e o entretenimento.<\/p>\n\n\n\n<p><\/p>\n","protected":false},"excerpt":{"rendered":"<p>A apresentadora Chris Flores, que se desligou do SBT em abril do ano passado, est\u00e1 de volta \u00e0 TV. Ela fechou acordo com a Band e deve assumir o comando do Melhor da Tarde ao lado de Leo Dias. O contrato foi oficializado na \u00faltima segunda-feira (29\/9). Segundo fontes pr\u00f3ximas \u00e0 negocia\u00e7\u00e3o, Chris fechou com [&hellip;]<\/p>\n","protected":false},"author":4,"featured_media":5140,"comment_status":"open","ping_status":"open","sticky":false,"template":"","format":"standard","meta":{"jnews-multi-image_gallery":[],"jnews_single_post":{"format":"standard"},"jnews_primary_category":[],"jnews_social_meta":[],"jnews_post_split":[],"footnotes":""},"categories":[1],"tags":[],"class_list":["post-5139","post","type-post","status-publish","format-standard","has-post-thumbnail","hentry","category-uncategorized"],"_links":{"self":[{"href":"https:\/\/diariodepernambuco.audiencelabs.com.br\/wp-json\/wp\/v2\/posts\/5139","targetHints":{"allow":["GET"]}}],"collection":[{"href":"https:\/\/diariodepernambuco.audiencelabs.com.br\/wp-json\/wp\/v2\/posts"}],"about":[{"href":"https:\/\/diariodepernambuco.audiencelabs.com.br\/wp-json\/wp\/v2\/types\/post"}],"author":[{"embeddable":true,"href":"https:\/\/diariodepernambuco.audiencelabs.com.br\/wp-json\/wp\/v2\/users\/4"}],"replies":[{"embeddable":true,"href":"https:\/\/diariodepernambuco.audiencelabs.com.br\/wp-json\/wp\/v2\/comments?post=5139"}],"version-history":[{"count":2,"href":"https:\/\/diariodepernambuco.audiencelabs.com.br\/wp-json\/wp\/v2\/posts\/5139\/revisions"}],"predecessor-version":[{"id":5142,"href":"https:\/\/diariodepernambuco.audiencelabs.com.br\/wp-json\/wp\/v2\/posts\/5139\/revisions\/5142"}],"wp:featuredmedia":[{"embeddable":true,"href":"https:\/\/diariodepernambuco.audiencelabs.com.br\/wp-json\/wp\/v2\/media\/5140"}],"wp:attachment":[{"href":"https:\/\/diariodepernambuco.audiencelabs.com.br\/wp-json\/wp\/v2\/media?parent=5139"}],"wp:term":[{"taxonomy":"category","embeddable":true,"href":"https:\/\/diariodepernambuco.audiencelabs.com.br\/wp-json\/wp\/v2\/categories?post=5139"},{"taxonomy":"post_tag","embeddable":true,"href":"https:\/\/diariodepernambuco.audiencelabs.com.br\/wp-json\/wp\/v2\/tags?post=5139"}],"curies":[{"name":"wp","href":"https:\/\/api.w.org\/{rel}","templated":true}]}}