{"id":5146,"date":"2025-10-02T09:30:00","date_gmt":"2025-10-02T12:30:00","guid":{"rendered":"https:\/\/diariodepernambuco.audiencelabs.com.br\/?p=5146"},"modified":"2025-10-01T10:23:19","modified_gmt":"2025-10-01T13:23:19","slug":"atencao-seu-bolsa-familia-pode-ser-bloqueado-ainda-hoje","status":"publish","type":"post","link":"https:\/\/diariodepernambuco.audiencelabs.com.br\/atencao-seu-bolsa-familia-pode-ser-bloqueado-ainda-hoje\/","title":{"rendered":"Aten\u00e7\u00e3o! Seu Bolsa Fam\u00edlia pode ser bloqueado ainda hoje"},"content":{"rendered":"\n<p>O Bolsa Fam\u00edlia \u00e9 um dos principais programas de transfer\u00eancia de renda do Brasil, destinado a fam\u00edlias em situa\u00e7\u00e3o de vulnerabilidade social. No entanto, o benef\u00edcio n\u00e3o \u00e9 autom\u00e1tico nem ininterrupto: existem situa\u00e7\u00f5es que podem levar ao bloqueio ou suspens\u00e3o do pagamento.<\/p>\n\n\n\n<p>Entre os principais motivos que podem levar ao bloqueio do Bolsa Fam\u00edlia est\u00e3o inconsist\u00eancias cadastrais, como informa\u00e7\u00f5es desatualizadas sobre renda, composi\u00e7\u00e3o familiar ou endere\u00e7o. Al\u00e9m disso, a falta de cumprimento das condicionalidades do programa \u2014 como a frequ\u00eancia escolar das crian\u00e7as e o acompanhamento da sa\u00fade b\u00e1sica, incluindo vacina\u00e7\u00e3o e pr\u00e9-natal \u2014 tamb\u00e9m pode resultar na suspens\u00e3o do benef\u00edcio.<\/p>\n\n\n\n<p>Problemas de documenta\u00e7\u00e3o, como CPF irregular ou pend\u00eancias junto \u00e0 Receita Federal, e at\u00e9 falecimento de algum membro da fam\u00edlia cadastrado, tamb\u00e9m s\u00e3o fatores que podem afetar o repasse. Por isso, \u00e9 essencial que os benefici\u00e1rios mantenham seus dados atualizados e cumpram todas as exig\u00eancias do programa para garantir a continuidade do aux\u00edlio.<\/p>\n\n\n\n<p>Revis\u00f5es peri\u00f3dicas realizadas pelo governo podem identificar inconsist\u00eancias ou suspeitas de irregularidades, o que tamb\u00e9m pode levar ao bloqueio tempor\u00e1rio do benef\u00edcio at\u00e9 que a situa\u00e7\u00e3o seja regularizada. Em alguns casos, erros administrativos ou problemas no processamento do pagamento podem gerar suspens\u00e3o moment\u00e2nea, mesmo quando o benefici\u00e1rio cumpre todas as exig\u00eancias.<\/p>\n\n\n\n<p>Por isso, \u00e9 recomendado acompanhar regularmente o Cadastro \u00danico e o extrato do Bolsa Fam\u00edlia, al\u00e9m de comparecer aos postos de atendimento quando solicitado, garantindo que qualquer pend\u00eancia seja resolvida rapidamente e evitando a interrup\u00e7\u00e3o do aux\u00edlio.<\/p>\n\n\n\n<h2 class=\"wp-block-heading\">Tudo sobre o Bolsa Fam\u00edlia<\/h2>\n\n\n\n<p><strong>O que \u00e9:<\/strong> Programa de transfer\u00eancia de renda do governo federal destinado a fam\u00edlias em situa\u00e7\u00e3o de vulnerabilidade social.<\/p>\n\n\n\n<p><strong>Objetivo:<\/strong> Combater a pobreza e promover inclus\u00e3o social, garantindo condi\u00e7\u00f5es b\u00e1sicas de alimenta\u00e7\u00e3o, educa\u00e7\u00e3o e sa\u00fade.<\/p>\n\n\n\n<p><strong>Benefici\u00e1rios:<\/strong> Fam\u00edlias com renda mensal per capita de at\u00e9 R$ 218 (ou conforme os crit\u00e9rios atualizados pelo governo).<\/p>\n\n\n\n<p><strong>Condicionalidades:<\/strong><\/p>\n\n\n\n<ul class=\"wp-block-list\">\n<li>Manter crian\u00e7as e adolescentes na escola e com frequ\u00eancia m\u00ednima exigida.<\/li>\n\n\n\n<li>Cumprir o acompanhamento de sa\u00fade, incluindo vacina\u00e7\u00e3o, pr\u00e9-natal e consultas b\u00e1sicas.<\/li>\n<\/ul>\n\n\n\n<p><strong>Valor do benef\u00edcio:<\/strong> Varia de acordo com a composi\u00e7\u00e3o da fam\u00edlia, n\u00famero de crian\u00e7as, adolescentes e gestantes, podendo incluir adicionais para supera\u00e7\u00e3o de extrema pobreza.<\/p>\n\n\n\n<p><strong>Cadastro:<\/strong> \u00c9 feito atrav\u00e9s do Cadastro \u00danico (Cad\u00danico) para programas sociais do governo.<\/p>\n\n\n\n<p><strong>Suspens\u00e3o ou bloqueio:<\/strong> Pode ocorrer devido a inconsist\u00eancias cadastrais, descumprimento das condicionalidades, problemas de documenta\u00e7\u00e3o ou revis\u00f5es peri\u00f3dicas do governo.<\/p>\n\n\n\n<p><strong>Import\u00e2ncia:<\/strong> Ajuda a reduzir a pobreza, melhorar indicadores de educa\u00e7\u00e3o e sa\u00fade, e oferece suporte financeiro para fam\u00edlias em vulnerabilidade.<\/p>\n\n\n\n<p><\/p>\n","protected":false},"excerpt":{"rendered":"<p>O Bolsa Fam\u00edlia \u00e9 um dos principais programas de transfer\u00eancia de renda do Brasil, destinado a fam\u00edlias em situa\u00e7\u00e3o de vulnerabilidade social. No entanto, o benef\u00edcio n\u00e3o \u00e9 autom\u00e1tico nem ininterrupto: existem situa\u00e7\u00f5es que podem levar ao bloqueio ou suspens\u00e3o do pagamento. Entre os principais motivos que podem levar ao bloqueio do Bolsa Fam\u00edlia est\u00e3o [&hellip;]<\/p>\n","protected":false},"author":4,"featured_media":1522,"comment_status":"open","ping_status":"open","sticky":false,"template":"","format":"standard","meta":{"jnews-multi-image_gallery":[],"jnews_single_post":{"format":"standard"},"jnews_primary_category":[],"jnews_social_meta":[],"jnews_post_split":[],"footnotes":""},"categories":[1],"tags":[],"class_list":["post-5146","post","type-post","status-publish","format-standard","has-post-thumbnail","hentry","category-uncategorized"],"_links":{"self":[{"href":"https:\/\/diariodepernambuco.audiencelabs.com.br\/wp-json\/wp\/v2\/posts\/5146","targetHints":{"allow":["GET"]}}],"collection":[{"href":"https:\/\/diariodepernambuco.audiencelabs.com.br\/wp-json\/wp\/v2\/posts"}],"about":[{"href":"https:\/\/diariodepernambuco.audiencelabs.com.br\/wp-json\/wp\/v2\/types\/post"}],"author":[{"embeddable":true,"href":"https:\/\/diariodepernambuco.audiencelabs.com.br\/wp-json\/wp\/v2\/users\/4"}],"replies":[{"embeddable":true,"href":"https:\/\/diariodepernambuco.audiencelabs.com.br\/wp-json\/wp\/v2\/comments?post=5146"}],"version-history":[{"count":2,"href":"https:\/\/diariodepernambuco.audiencelabs.com.br\/wp-json\/wp\/v2\/posts\/5146\/revisions"}],"predecessor-version":[{"id":5149,"href":"https:\/\/diariodepernambuco.audiencelabs.com.br\/wp-json\/wp\/v2\/posts\/5146\/revisions\/5149"}],"wp:featuredmedia":[{"embeddable":true,"href":"https:\/\/diariodepernambuco.audiencelabs.com.br\/wp-json\/wp\/v2\/media\/1522"}],"wp:attachment":[{"href":"https:\/\/diariodepernambuco.audiencelabs.com.br\/wp-json\/wp\/v2\/media?parent=5146"}],"wp:term":[{"taxonomy":"category","embeddable":true,"href":"https:\/\/diariodepernambuco.audiencelabs.com.br\/wp-json\/wp\/v2\/categories?post=5146"},{"taxonomy":"post_tag","embeddable":true,"href":"https:\/\/diariodepernambuco.audiencelabs.com.br\/wp-json\/wp\/v2\/tags?post=5146"}],"curies":[{"name":"wp","href":"https:\/\/api.w.org\/{rel}","templated":true}]}}