{"id":5169,"date":"2025-10-02T14:00:00","date_gmt":"2025-10-02T17:00:00","guid":{"rendered":"https:\/\/diariodepernambuco.audiencelabs.com.br\/?p=5169"},"modified":"2025-10-01T11:48:22","modified_gmt":"2025-10-01T14:48:22","slug":"revelado-quais-brasileiros-nao-vao-ter-direito-a-receber-13o-salario","status":"publish","type":"post","link":"https:\/\/diariodepernambuco.audiencelabs.com.br\/revelado-quais-brasileiros-nao-vao-ter-direito-a-receber-13o-salario\/","title":{"rendered":"Revelado quais brasileiros n\u00e3o v\u00e3o ter direito a receber 13\u00ba sal\u00e1rio"},"content":{"rendered":"\n<p>Nem todos os trabalhadores brasileiros t\u00eam direito ao 13\u00ba sal\u00e1rio, e \u00e9 importante entender quem est\u00e1 exclu\u00eddo desse benef\u00edcio. Entre os que n\u00e3o recebem est\u00e3o os benefici\u00e1rios do BPC (Benef\u00edcio de Presta\u00e7\u00e3o Continuada), destinado a pessoas em situa\u00e7\u00e3o de vulnerabilidade social, e aqueles que recebem Renda Mensal Vital\u00edcia, um pagamento garantido de forma diferente dos sal\u00e1rios tradicionais.<\/p>\n\n\n\n<p>Al\u00e9m disso, \u00e9 importante destacar que esses grupos recebem recursos por meio de programas espec\u00edficos, com regras pr\u00f3prias que n\u00e3o incluem a gratifica\u00e7\u00e3o de fim de ano. O BPC, por exemplo, \u00e9 voltado a idosos e pessoas com defici\u00eancia que n\u00e3o t\u00eam condi\u00e7\u00f5es de se sustentar, garantindo um valor m\u00ednimo mensal equivalente a um sal\u00e1rio m\u00ednimo.<\/p>\n\n\n\n<p>J\u00e1 a Renda Mensal Vital\u00edcia \u00e9 um pagamento cont\u00ednuo, geralmente previsto em contratos de aposentadoria privada ou planos de previd\u00eancia, que substitui a necessidade do 13\u00ba sal\u00e1rio. Entender essas distin\u00e7\u00f5es ajuda a evitar confus\u00f5es e a planejar melhor as finan\u00e7as pessoais para o per\u00edodo de fim de ano.<\/p>\n\n\n\n<p>Vale lembrar que, apesar de n\u00e3o receberem o 13\u00ba sal\u00e1rio, os benefici\u00e1rios do BPC e da Renda Mensal Vital\u00edcia continuam garantindo estabilidade financeira dentro dos programas que participam. No caso do BPC, o benef\u00edcio \u00e9 reajustado conforme o sal\u00e1rio m\u00ednimo, oferecendo prote\u00e7\u00e3o social cont\u00ednua.<\/p>\n\n\n\n<p>J\u00e1 a Renda Mensal Vital\u00edcia proporciona pagamentos regulares ao longo da vida do benefici\u00e1rio, garantindo seguran\u00e7a financeira mesmo sem a gratifica\u00e7\u00e3o extra de fim de ano. Por isso, embora o 13\u00ba n\u00e3o seja pago, esses recursos cumprem o papel de assegurar uma renda constante para quem depende deles.<\/p>\n\n\n\n<h2 class=\"wp-block-heading\">Quem tem direito ao 13\u00ba sal\u00e1rio?<\/h2>\n\n\n\n<p>O 13\u00ba sal\u00e1rio \u00e9 um direito garantido a praticamente todos os trabalhadores formais no Brasil, mas h\u00e1 regras espec\u00edficas. <strong>Quem tem direito inclui:<\/strong><\/p>\n\n\n\n<ul class=\"wp-block-list\">\n<li>Empregados com carteira assinada (CLT): Todos os trabalhadores regidos pela Consolida\u00e7\u00e3o das Leis do Trabalho recebem o 13\u00ba, proporcional ao tempo de servi\u00e7o no ano.<\/li>\n<\/ul>\n\n\n\n<ul class=\"wp-block-list\">\n<li>Trabalhadores avulsos: Aqueles que prestam servi\u00e7os de forma tempor\u00e1ria ou avulsa, mas registrados, tamb\u00e9m t\u00eam direito.<\/li>\n<\/ul>\n\n\n\n<ul class=\"wp-block-list\">\n<li>Empregados dom\u00e9sticos: Incluindo bab\u00e1s, faxineiros, cuidadores e outros trabalhadores dom\u00e9sticos contratados formalmente.<\/li>\n<\/ul>\n\n\n\n<ul class=\"wp-block-list\">\n<li>Funcion\u00e1rios p\u00fablicos e estatut\u00e1rios: Servidores de \u00f3rg\u00e3os p\u00fablicos federais, estaduais e municipais geralmente recebem a gratifica\u00e7\u00e3o, mas de acordo com regras espec\u00edficas de cada ente federativo.<\/li>\n<\/ul>\n\n\n\n<p><\/p>\n","protected":false},"excerpt":{"rendered":"<p>Nem todos os trabalhadores brasileiros t\u00eam direito ao 13\u00ba sal\u00e1rio, e \u00e9 importante entender quem est\u00e1 exclu\u00eddo desse benef\u00edcio. Entre os que n\u00e3o recebem est\u00e3o os benefici\u00e1rios do BPC (Benef\u00edcio de Presta\u00e7\u00e3o Continuada), destinado a pessoas em situa\u00e7\u00e3o de vulnerabilidade social, e aqueles que recebem Renda Mensal Vital\u00edcia, um pagamento garantido de forma diferente dos [&hellip;]<\/p>\n","protected":false},"author":4,"featured_media":1536,"comment_status":"open","ping_status":"open","sticky":false,"template":"","format":"standard","meta":{"jnews-multi-image_gallery":[],"jnews_single_post":[],"jnews_primary_category":[],"jnews_social_meta":[],"jnews_post_split":[],"footnotes":""},"categories":[1],"tags":[],"class_list":["post-5169","post","type-post","status-publish","format-standard","has-post-thumbnail","hentry","category-uncategorized"],"_links":{"self":[{"href":"https:\/\/diariodepernambuco.audiencelabs.com.br\/wp-json\/wp\/v2\/posts\/5169","targetHints":{"allow":["GET"]}}],"collection":[{"href":"https:\/\/diariodepernambuco.audiencelabs.com.br\/wp-json\/wp\/v2\/posts"}],"about":[{"href":"https:\/\/diariodepernambuco.audiencelabs.com.br\/wp-json\/wp\/v2\/types\/post"}],"author":[{"embeddable":true,"href":"https:\/\/diariodepernambuco.audiencelabs.com.br\/wp-json\/wp\/v2\/users\/4"}],"replies":[{"embeddable":true,"href":"https:\/\/diariodepernambuco.audiencelabs.com.br\/wp-json\/wp\/v2\/comments?post=5169"}],"version-history":[{"count":2,"href":"https:\/\/diariodepernambuco.audiencelabs.com.br\/wp-json\/wp\/v2\/posts\/5169\/revisions"}],"predecessor-version":[{"id":5171,"href":"https:\/\/diariodepernambuco.audiencelabs.com.br\/wp-json\/wp\/v2\/posts\/5169\/revisions\/5171"}],"wp:featuredmedia":[{"embeddable":true,"href":"https:\/\/diariodepernambuco.audiencelabs.com.br\/wp-json\/wp\/v2\/media\/1536"}],"wp:attachment":[{"href":"https:\/\/diariodepernambuco.audiencelabs.com.br\/wp-json\/wp\/v2\/media?parent=5169"}],"wp:term":[{"taxonomy":"category","embeddable":true,"href":"https:\/\/diariodepernambuco.audiencelabs.com.br\/wp-json\/wp\/v2\/categories?post=5169"},{"taxonomy":"post_tag","embeddable":true,"href":"https:\/\/diariodepernambuco.audiencelabs.com.br\/wp-json\/wp\/v2\/tags?post=5169"}],"curies":[{"name":"wp","href":"https:\/\/api.w.org\/{rel}","templated":true}]}}