{"id":5175,"date":"2025-10-02T15:30:00","date_gmt":"2025-10-02T18:30:00","guid":{"rendered":"https:\/\/diariodepernambuco.audiencelabs.com.br\/?p=5175"},"modified":"2025-10-01T14:16:19","modified_gmt":"2025-10-01T17:16:19","slug":"calor-nivel-deserto-vai-chegar-no-brasil-em-outubro","status":"publish","type":"post","link":"https:\/\/diariodepernambuco.audiencelabs.com.br\/calor-nivel-deserto-vai-chegar-no-brasil-em-outubro\/","title":{"rendered":"Calor n\u00edvel deserto vai chegar no Brasil em outubro"},"content":{"rendered":"\n<p>Setembro terminou com calor intenso em diversas regi\u00f5es do Brasil, e a previs\u00e3o indica que essa tend\u00eancia deve se manter ao longo de outubro. Em algumas \u00e1reas, os term\u00f4metros podem chegar a 40 \u00b0C ou mais. Os primeiros dias do m\u00eas ter\u00e3o temperaturas elevadas em grande parte do pa\u00eds, incluindo o norte do Paran\u00e1, estados do Sudeste e do Centro-Oeste.<\/p>\n\n\n\n<p>Interior do Nordeste, Tocantins, sul e leste do Par\u00e1, assim como partes de Rond\u00f4nia, Acre e o extremo sul do Amazonas, tamb\u00e9m registrar\u00e3o calor intenso. No Sudeste, as regi\u00f5es mais quentes devem ser o oeste e norte de S\u00e3o Paulo e Minas Gerais.<\/p>\n\n\n\n<p>Al\u00e9m das altas temperaturas, o calor intenso pode trazer efeitos indiretos \u00e0 popula\u00e7\u00e3o, como aumento no consumo de energia devido ao uso de ventiladores e ar-condicionado, maior risco de desidrata\u00e7\u00e3o e necessidade de cuidados redobrados com crian\u00e7as e idosos.<\/p>\n\n\n\n<p>Meteorologistas recomendam aten\u00e7\u00e3o especial \u00e0 exposi\u00e7\u00e3o ao sol, hidrata\u00e7\u00e3o constante e evitar atividades f\u00edsicas nas horas mais quentes do dia. A combina\u00e7\u00e3o de calor extremo e baixa umidade em algumas regi\u00f5es do pa\u00eds tamb\u00e9m aumenta o risco de queimadas, principalmente no interior do Nordeste e em \u00e1reas do Centro-Oeste.<\/p>\n\n\n\n<h2 class=\"wp-block-heading\">Como se proteger do calor intenso<\/h2>\n\n\n\n<p>Para se proteger do calor intenso, \u00e9 fundamental adotar medidas que evitem desidrata\u00e7\u00e3o, insola\u00e7\u00e3o e outros problemas de sa\u00fade. Aqui est\u00e3o algumas dicas pr\u00e1ticas:<\/p>\n\n\n\n<ul class=\"wp-block-list\">\n<li>Hidrate-se constantemente: Beba \u00e1gua regularmente, mesmo que n\u00e3o sinta sede. Evite bebidas alco\u00f3licas ou com muito a\u00e7\u00facar, que podem desidratar.<\/li>\n<\/ul>\n\n\n\n<ul class=\"wp-block-list\">\n<li>Evite exposi\u00e7\u00e3o ao sol nos hor\u00e1rios mais quentes: Entre 10h e 16h, procure ficar em ambientes frescos ou \u00e0 sombra.<\/li>\n<\/ul>\n\n\n\n<ul class=\"wp-block-list\">\n<li>Use roupas leves e claras: Tecidos naturais, como algod\u00e3o, ajudam a manter o corpo ventilado e confort\u00e1vel.<\/li>\n<\/ul>\n\n\n\n<ul class=\"wp-block-list\">\n<li>Proteja a cabe\u00e7a e os olhos: Chap\u00e9us, bon\u00e9s e \u00f3culos escuros reduzem os efeitos do sol diretamente sobre a pele e olhos.<\/li>\n<\/ul>\n\n\n\n<ul class=\"wp-block-list\">\n<li>Use protetor solar: Mesmo em dias nublados, aplique protetor solar com fator adequado para sua pele, renovando a aplica\u00e7\u00e3o a cada 2 horas se houver exposi\u00e7\u00e3o direta.<\/li>\n<\/ul>\n\n\n\n<ul class=\"wp-block-list\">\n<li>Evite exerc\u00edcios f\u00edsicos intensos: Caso precise se exercitar, prefira hor\u00e1rios mais frescos, como cedo pela manh\u00e3 ou no final da tarde.<\/li>\n<\/ul>\n\n\n\n<ul class=\"wp-block-list\">\n<li>Mantenha ambientes frescos: Use ventiladores, ar-condicionado ou deixe janelas abertas para circula\u00e7\u00e3o de ar. Um pano \u00famido no rosto ou pesco\u00e7o tamb\u00e9m ajuda a refrescar.<\/li>\n<\/ul>\n\n\n\n<ul class=\"wp-block-list\">\n<li>Cuidado com crian\u00e7as, idosos e animais: Esses grupos s\u00e3o mais vulner\u00e1veis ao calor e precisam de aten\u00e7\u00e3o extra.<\/li>\n<\/ul>\n\n\n\n<p><\/p>\n","protected":false},"excerpt":{"rendered":"<p>Setembro terminou com calor intenso em diversas regi\u00f5es do Brasil, e a previs\u00e3o indica que essa tend\u00eancia deve se manter ao longo de outubro. Em algumas \u00e1reas, os term\u00f4metros podem chegar a 40 \u00b0C ou mais. Os primeiros dias do m\u00eas ter\u00e3o temperaturas elevadas em grande parte do pa\u00eds, incluindo o norte do Paran\u00e1, estados [&hellip;]<\/p>\n","protected":false},"author":4,"featured_media":5088,"comment_status":"open","ping_status":"open","sticky":false,"template":"","format":"standard","meta":{"jnews-multi-image_gallery":[],"jnews_single_post":{"format":"standard"},"jnews_primary_category":[],"jnews_social_meta":[],"jnews_post_split":[],"footnotes":""},"categories":[1],"tags":[],"class_list":["post-5175","post","type-post","status-publish","format-standard","has-post-thumbnail","hentry","category-uncategorized"],"_links":{"self":[{"href":"https:\/\/diariodepernambuco.audiencelabs.com.br\/wp-json\/wp\/v2\/posts\/5175","targetHints":{"allow":["GET"]}}],"collection":[{"href":"https:\/\/diariodepernambuco.audiencelabs.com.br\/wp-json\/wp\/v2\/posts"}],"about":[{"href":"https:\/\/diariodepernambuco.audiencelabs.com.br\/wp-json\/wp\/v2\/types\/post"}],"author":[{"embeddable":true,"href":"https:\/\/diariodepernambuco.audiencelabs.com.br\/wp-json\/wp\/v2\/users\/4"}],"replies":[{"embeddable":true,"href":"https:\/\/diariodepernambuco.audiencelabs.com.br\/wp-json\/wp\/v2\/comments?post=5175"}],"version-history":[{"count":2,"href":"https:\/\/diariodepernambuco.audiencelabs.com.br\/wp-json\/wp\/v2\/posts\/5175\/revisions"}],"predecessor-version":[{"id":5177,"href":"https:\/\/diariodepernambuco.audiencelabs.com.br\/wp-json\/wp\/v2\/posts\/5175\/revisions\/5177"}],"wp:featuredmedia":[{"embeddable":true,"href":"https:\/\/diariodepernambuco.audiencelabs.com.br\/wp-json\/wp\/v2\/media\/5088"}],"wp:attachment":[{"href":"https:\/\/diariodepernambuco.audiencelabs.com.br\/wp-json\/wp\/v2\/media?parent=5175"}],"wp:term":[{"taxonomy":"category","embeddable":true,"href":"https:\/\/diariodepernambuco.audiencelabs.com.br\/wp-json\/wp\/v2\/categories?post=5175"},{"taxonomy":"post_tag","embeddable":true,"href":"https:\/\/diariodepernambuco.audiencelabs.com.br\/wp-json\/wp\/v2\/tags?post=5175"}],"curies":[{"name":"wp","href":"https:\/\/api.w.org\/{rel}","templated":true}]}}