{"id":5207,"date":"2025-10-04T14:45:00","date_gmt":"2025-10-04T17:45:00","guid":{"rendered":"https:\/\/diariodepernambuco.audiencelabs.com.br\/?p=5207"},"modified":"2025-10-01T15:36:20","modified_gmt":"2025-10-01T18:36:20","slug":"novo-ozempic-chegou-no-brasil-conheca-o-tratamento-e-veja-se-voce-pode-tomar","status":"publish","type":"post","link":"https:\/\/diariodepernambuco.audiencelabs.com.br\/novo-ozempic-chegou-no-brasil-conheca-o-tratamento-e-veja-se-voce-pode-tomar\/","title":{"rendered":"Novo Ozempic chegou no Brasil: conhe\u00e7a o tratamento e veja se voc\u00ea pode tomar"},"content":{"rendered":"\n<p>A farmac\u00eautica dinamarquesa Novo Nordisk anunciou nesta semana uma parceria com a Eurofarma para a distribui\u00e7\u00e3o exclusiva no Brasil de duas novas vers\u00f5es injet\u00e1veis semanais da mol\u00e9cula semaglutida. O lan\u00e7amento inclui o Poviztra, destinado ao tratamento da obesidade e do sobrepeso com comorbidades, e o Extensior, voltado para pacientes com diabetes tipo 2.<\/p>\n\n\n\n<p>Os medicamentos devem ser lan\u00e7ados ainda neste m\u00eas. Na pr\u00e1tica, a Novo Nordisk contribui com sua expertise em pesquisa e desenvolvimento de terapias com GLP-1, enquanto a Eurofarma oferece sua capilaridade comercial, for\u00e7a de vendas e profundo conhecimento do mercado brasileiro.<\/p>\n\n\n\n<p>A parceria permitir\u00e1 que os medicamentos alcancem especialidades m\u00e9dicas, farm\u00e1cias e regi\u00f5es ainda n\u00e3o atendidas pela opera\u00e7\u00e3o da multinacional dinamarquesa. O acordo reflete a estrat\u00e9gia das empresas diante de um mercado em r\u00e1pido crescimento. No Brasil, o setor de an\u00e1logos de GLP-1 j\u00e1 movimenta mais de R$ 6 bilh\u00f5es por ano.<\/p>\n\n\n\n<p>&#8220;Esta parceria \u00e9 um passo estrat\u00e9gico para garantir que nossa inova\u00e7\u00e3o chegue a ainda mais pessoas em todo o Brasil, com a mesma confian\u00e7a e qualidade de sempre&#8221;, disse Allan Finkel, vice-presidente da Novo Nordisk para Am\u00e9rica Latina e Brasil.<\/p>\n\n\n\n<h2 class=\"wp-block-heading\">O que \u00e9 e o que faz o Ozempic<\/h2>\n\n\n\n<p>O Ozempic \u00e9 o nome comercial de um medicamento \u00e0 base de semaglutida, um an\u00e1logo do GLP-1 (pept\u00eddeo-1 semelhante ao glucagon). Ele \u00e9 utilizado principalmente para o tratamento do diabetes tipo 2, ajudando a controlar os n\u00edveis de a\u00e7\u00facar no sangue.<\/p>\n\n\n\n<p><strong>Como funciona:<\/strong><\/p>\n\n\n\n<ul class=\"wp-block-list\">\n<li>Estimula a libera\u00e7\u00e3o de insulina pelo p\u00e2ncreas quando os n\u00edveis de glicose est\u00e3o elevados.<\/li>\n\n\n\n<li>Reduz a produ\u00e7\u00e3o de glicose pelo f\u00edgado, ajudando a manter a glicemia est\u00e1vel.<\/li>\n\n\n\n<li>Diminui o apetite, retardando o esvaziamento g\u00e1strico, o que pode levar \u00e0 perda de peso em pacientes com sobrepeso ou obesidade.<\/li>\n<\/ul>\n\n\n\n<p><strong>Indica\u00e7\u00f5es principais:<\/strong><\/p>\n\n\n\n<ul class=\"wp-block-list\">\n<li>Controle da glicemia em pessoas com diabetes tipo 2.<\/li>\n\n\n\n<li>Tratamento de sobrepeso ou obesidade, quando associado a dieta e pr\u00e1tica de exerc\u00edcios (em alguns pa\u00edses, Ozempic ou semaglutida tem indica\u00e7\u00e3o espec\u00edfica para emagrecimento).<\/li>\n<\/ul>\n\n\n\n<p><\/p>\n","protected":false},"excerpt":{"rendered":"<p>A farmac\u00eautica dinamarquesa Novo Nordisk anunciou nesta semana uma parceria com a Eurofarma para a distribui\u00e7\u00e3o exclusiva no Brasil de duas novas vers\u00f5es injet\u00e1veis semanais da mol\u00e9cula semaglutida. O lan\u00e7amento inclui o Poviztra, destinado ao tratamento da obesidade e do sobrepeso com comorbidades, e o Extensior, voltado para pacientes com diabetes tipo 2. Os medicamentos [&hellip;]<\/p>\n","protected":false},"author":4,"featured_media":5209,"comment_status":"open","ping_status":"open","sticky":false,"template":"","format":"standard","meta":{"jnews-multi-image_gallery":[],"jnews_single_post":{"format":"standard"},"jnews_primary_category":[],"jnews_social_meta":[],"jnews_post_split":[],"footnotes":""},"categories":[1],"tags":[],"class_list":["post-5207","post","type-post","status-publish","format-standard","has-post-thumbnail","hentry","category-uncategorized"],"_links":{"self":[{"href":"https:\/\/diariodepernambuco.audiencelabs.com.br\/wp-json\/wp\/v2\/posts\/5207","targetHints":{"allow":["GET"]}}],"collection":[{"href":"https:\/\/diariodepernambuco.audiencelabs.com.br\/wp-json\/wp\/v2\/posts"}],"about":[{"href":"https:\/\/diariodepernambuco.audiencelabs.com.br\/wp-json\/wp\/v2\/types\/post"}],"author":[{"embeddable":true,"href":"https:\/\/diariodepernambuco.audiencelabs.com.br\/wp-json\/wp\/v2\/users\/4"}],"replies":[{"embeddable":true,"href":"https:\/\/diariodepernambuco.audiencelabs.com.br\/wp-json\/wp\/v2\/comments?post=5207"}],"version-history":[{"count":2,"href":"https:\/\/diariodepernambuco.audiencelabs.com.br\/wp-json\/wp\/v2\/posts\/5207\/revisions"}],"predecessor-version":[{"id":5210,"href":"https:\/\/diariodepernambuco.audiencelabs.com.br\/wp-json\/wp\/v2\/posts\/5207\/revisions\/5210"}],"wp:featuredmedia":[{"embeddable":true,"href":"https:\/\/diariodepernambuco.audiencelabs.com.br\/wp-json\/wp\/v2\/media\/5209"}],"wp:attachment":[{"href":"https:\/\/diariodepernambuco.audiencelabs.com.br\/wp-json\/wp\/v2\/media?parent=5207"}],"wp:term":[{"taxonomy":"category","embeddable":true,"href":"https:\/\/diariodepernambuco.audiencelabs.com.br\/wp-json\/wp\/v2\/categories?post=5207"},{"taxonomy":"post_tag","embeddable":true,"href":"https:\/\/diariodepernambuco.audiencelabs.com.br\/wp-json\/wp\/v2\/tags?post=5207"}],"curies":[{"name":"wp","href":"https:\/\/api.w.org\/{rel}","templated":true}]}}