{"id":5211,"date":"2025-10-04T15:45:00","date_gmt":"2025-10-04T18:45:00","guid":{"rendered":"https:\/\/diariodepernambuco.audiencelabs.com.br\/?p=5211"},"modified":"2025-10-01T15:49:14","modified_gmt":"2025-10-01T18:49:14","slug":"atencao-brasileiros-ganham-isencao-inesperada-do-imposto-de-renda","status":"publish","type":"post","link":"https:\/\/diariodepernambuco.audiencelabs.com.br\/atencao-brasileiros-ganham-isencao-inesperada-do-imposto-de-renda\/","title":{"rendered":"Aten\u00e7\u00e3o! Brasileiros ganham isen\u00e7\u00e3o inesperada do Imposto de Renda"},"content":{"rendered":"\n<p>O projeto que prev\u00ea a isen\u00e7\u00e3o do Imposto de Renda para quem recebe at\u00e9 R$ 5 mil por m\u00eas foi votado nesta quarta-feira (1) na C\u00e2mara dos Deputados. Paralelamente, outro projeto que tamb\u00e9m trata da isen\u00e7\u00e3o vem chamando aten\u00e7\u00e3o: de autoria da deputada Luciene Cavalcanti (PSOL-SP), ele prop\u00f5e que professores e demais profissionais da educa\u00e7\u00e3o b\u00e1sica e superior sejam isentos do pagamento do imposto.<\/p>\n\n\n\n<p>O argumento do projeto \u00e9 que ele busca \u201creconhecer e valorizar esses profissionais essenciais \u00e0 constru\u00e7\u00e3o de uma sociedade mais justa\u201d e \u201cdiminuir o impacto da carga tribut\u00e1ria sobre seus sal\u00e1rios, proporcionando-lhes maior poder de aquisi\u00e7\u00e3o, estimulando o aprimoramento profissional e contribuindo para a valoriza\u00e7\u00e3o de sua carreira.\u201d<\/p>\n\n\n\n<p>A iniciativa, que atualmente aguarda despacho do presidente da C\u00e2mara dos Deputados, surge em um momento delicado. De acordo com o Correio do Estado, a Prova Nacional Docente (PND) indica um poss\u00edvel apag\u00e3o de professores: apenas 1,1 milh\u00e3o dos 2,3 milh\u00f5es de docentes licenciados se inscreveram para a avalia\u00e7\u00e3o.<\/p>\n\n\n\n<p>Especialistas destacam que a isen\u00e7\u00e3o do Imposto de Renda para professores poderia servir como um incentivo adicional para atrair e manter profissionais qualificados na educa\u00e7\u00e3o. Al\u00e9m de aliviar a carga tribut\u00e1ria sobre seus sal\u00e1rios, a medida tende a melhorar a motiva\u00e7\u00e3o e a reten\u00e7\u00e3o de docentes, contribuindo para a qualidade do ensino.<\/p>\n\n\n\n<p>Caso aprovada, a proposta n\u00e3o apenas beneficiaria financeiramente os educadores, mas tamb\u00e9m poderia ter impactos positivos diretos na forma\u00e7\u00e3o de estudantes e no desenvolvimento do pa\u00eds, ao valorizar uma categoria essencial para a sociedade.<\/p>\n\n\n\n<p><\/p>\n","protected":false},"excerpt":{"rendered":"<p>O projeto que prev\u00ea a isen\u00e7\u00e3o do Imposto de Renda para quem recebe at\u00e9 R$ 5 mil por m\u00eas foi votado nesta quarta-feira (1) na C\u00e2mara dos Deputados. Paralelamente, outro projeto que tamb\u00e9m trata da isen\u00e7\u00e3o vem chamando aten\u00e7\u00e3o: de autoria da deputada Luciene Cavalcanti (PSOL-SP), ele prop\u00f5e que professores e demais profissionais da educa\u00e7\u00e3o [&hellip;]<\/p>\n","protected":false},"author":4,"featured_media":1718,"comment_status":"open","ping_status":"open","sticky":false,"template":"","format":"standard","meta":{"jnews-multi-image_gallery":[],"jnews_single_post":{"format":"standard"},"jnews_primary_category":[],"jnews_social_meta":[],"jnews_post_split":[],"footnotes":""},"categories":[1],"tags":[],"class_list":["post-5211","post","type-post","status-publish","format-standard","has-post-thumbnail","hentry","category-uncategorized"],"_links":{"self":[{"href":"https:\/\/diariodepernambuco.audiencelabs.com.br\/wp-json\/wp\/v2\/posts\/5211","targetHints":{"allow":["GET"]}}],"collection":[{"href":"https:\/\/diariodepernambuco.audiencelabs.com.br\/wp-json\/wp\/v2\/posts"}],"about":[{"href":"https:\/\/diariodepernambuco.audiencelabs.com.br\/wp-json\/wp\/v2\/types\/post"}],"author":[{"embeddable":true,"href":"https:\/\/diariodepernambuco.audiencelabs.com.br\/wp-json\/wp\/v2\/users\/4"}],"replies":[{"embeddable":true,"href":"https:\/\/diariodepernambuco.audiencelabs.com.br\/wp-json\/wp\/v2\/comments?post=5211"}],"version-history":[{"count":2,"href":"https:\/\/diariodepernambuco.audiencelabs.com.br\/wp-json\/wp\/v2\/posts\/5211\/revisions"}],"predecessor-version":[{"id":5213,"href":"https:\/\/diariodepernambuco.audiencelabs.com.br\/wp-json\/wp\/v2\/posts\/5211\/revisions\/5213"}],"wp:featuredmedia":[{"embeddable":true,"href":"https:\/\/diariodepernambuco.audiencelabs.com.br\/wp-json\/wp\/v2\/media\/1718"}],"wp:attachment":[{"href":"https:\/\/diariodepernambuco.audiencelabs.com.br\/wp-json\/wp\/v2\/media?parent=5211"}],"wp:term":[{"taxonomy":"category","embeddable":true,"href":"https:\/\/diariodepernambuco.audiencelabs.com.br\/wp-json\/wp\/v2\/categories?post=5211"},{"taxonomy":"post_tag","embeddable":true,"href":"https:\/\/diariodepernambuco.audiencelabs.com.br\/wp-json\/wp\/v2\/tags?post=5211"}],"curies":[{"name":"wp","href":"https:\/\/api.w.org\/{rel}","templated":true}]}}