{"id":5234,"date":"2025-10-03T09:00:00","date_gmt":"2025-10-03T12:00:00","guid":{"rendered":"https:\/\/diariodepernambuco.audiencelabs.com.br\/?p=5234"},"modified":"2025-10-02T08:37:07","modified_gmt":"2025-10-02T11:37:07","slug":"quem-trabalha-com-carteira-assinada-vai-ter-que-enfrentar-essas-mudancas","status":"publish","type":"post","link":"https:\/\/diariodepernambuco.audiencelabs.com.br\/quem-trabalha-com-carteira-assinada-vai-ter-que-enfrentar-essas-mudancas\/","title":{"rendered":"Quem trabalha com carteira assinada vai ter que enfrentar essas mudan\u00e7as"},"content":{"rendered":"\n<p>Quem atua sob regime de carteira assinada precisa ficar atento \u00e0s novas regras trabalhistas que come\u00e7am a valer. Uma das principais mudan\u00e7as diz respeito \u00e0s f\u00e9rias: a partir de agora, o aviso pr\u00e9vio deve ser comunicado com pelo menos 30 dias de anteced\u00eancia, garantindo ao trabalhador mais previsibilidade e tempo para se organizar.<\/p>\n\n\n\n<p>O novo modelo de aviso pr\u00e9vio das f\u00e9rias trouxe maior prote\u00e7\u00e3o ao trabalhador, evitando altera\u00e7\u00f5es repentinas e inesperadas. A exig\u00eancia de comunica\u00e7\u00e3o formal garantiu mais organiza\u00e7\u00e3o e transpar\u00eancia no processo. Entre os principais avan\u00e7os est\u00e1 o refor\u00e7o da seguran\u00e7a jur\u00eddica, j\u00e1 que a notifica\u00e7\u00e3o escrita passa a servir como registro oficial.<\/p>\n\n\n\n<p>Al\u00e9m disso, a medida tamb\u00e9m contribui para melhorar o planejamento das empresas, que passam a ter prazos mais definidos para organizar escalas, redistribuir tarefas e evitar imprevistos. Para os trabalhadores, a mudan\u00e7a representa a possibilidade de programar viagens, compromissos pessoais e at\u00e9 mesmo cursos de capacita\u00e7\u00e3o com maior tranquilidade.<\/p>\n\n\n\n<p>Na pr\u00e1tica, a nova regra busca equilibrar as rela\u00e7\u00f5es de trabalho, oferecendo mais previsibilidade para ambas as partes. Com a formaliza\u00e7\u00e3o obrigat\u00f3ria, tanto empregadores quanto empregados ganham mais seguran\u00e7a e clareza, reduzindo conflitos e fortalecendo o di\u00e1logo dentro do ambiente profissional.<\/p>\n\n\n\n<h2 class=\"wp-block-heading\">O que mudou com a atualiza\u00e7\u00e3o<\/h2>\n\n\n\n<p>\ud83d\udccc O que j\u00e1 valia na CLT<\/p>\n\n\n\n<p>Aviso das f\u00e9rias: deveria ser dado com pelo menos 30 dias de anteced\u00eancia (art. 135).<\/p>\n\n\n\n<p>Pagamento: o valor das f\u00e9rias + 1\/3 constitucional deve ser pago at\u00e9 2 dias antes do in\u00edcio do per\u00edodo.<\/p>\n\n\n\n<p>Divis\u00e3o das f\u00e9rias: permitido fracionar em at\u00e9 3 per\u00edodos, sendo:<\/p>\n\n\n\n<ul class=\"wp-block-list\">\n<li>1 per\u00edodo de no m\u00ednimo 14 dias corridos;<\/li>\n\n\n\n<li>os demais de pelo menos 5 dias corridos cada.<\/li>\n<\/ul>\n\n\n\n<p>Escolha da data: a decis\u00e3o final sobre o per\u00edodo \u00e9 do empregador, mas este deve levar em conta, sempre que poss\u00edvel, os interesses do trabalhador.<\/p>\n\n\n\n<p>\ud83d\udccc O que mudou em 2025<\/p>\n\n\n\n<p>Aviso pr\u00e9vio das f\u00e9rias ficou mais r\u00edgido:<\/p>\n\n\n\n<ul class=\"wp-block-list\">\n<li>Agora precisa ser comunicado por escrito e de forma documentada, servindo como registro oficial.<\/li>\n\n\n\n<li>Garante mais previsibilidade e impede mudan\u00e7as de \u00faltima hora.<\/li>\n<\/ul>\n\n\n\n<p>Seguran\u00e7a jur\u00eddica refor\u00e7ada: o aviso escrito pode ser usado como prova em disputas trabalhistas, reduzindo conflitos entre empresas e empregados.<\/p>\n\n\n\n<p>Maior organiza\u00e7\u00e3o interna: empresas devem planejar melhor suas escalas e opera\u00e7\u00f5es, j\u00e1 que n\u00e3o podem alterar f\u00e9rias de forma repentina.<\/p>\n\n\n\n<p><\/p>\n","protected":false},"excerpt":{"rendered":"<p>Quem atua sob regime de carteira assinada precisa ficar atento \u00e0s novas regras trabalhistas que come\u00e7am a valer. Uma das principais mudan\u00e7as diz respeito \u00e0s f\u00e9rias: a partir de agora, o aviso pr\u00e9vio deve ser comunicado com pelo menos 30 dias de anteced\u00eancia, garantindo ao trabalhador mais previsibilidade e tempo para se organizar. O novo [&hellip;]<\/p>\n","protected":false},"author":4,"featured_media":1359,"comment_status":"open","ping_status":"open","sticky":false,"template":"","format":"standard","meta":{"jnews-multi-image_gallery":[],"jnews_single_post":[],"jnews_primary_category":[],"jnews_social_meta":[],"jnews_post_split":[],"footnotes":""},"categories":[1],"tags":[],"class_list":["post-5234","post","type-post","status-publish","format-standard","has-post-thumbnail","hentry","category-uncategorized"],"_links":{"self":[{"href":"https:\/\/diariodepernambuco.audiencelabs.com.br\/wp-json\/wp\/v2\/posts\/5234","targetHints":{"allow":["GET"]}}],"collection":[{"href":"https:\/\/diariodepernambuco.audiencelabs.com.br\/wp-json\/wp\/v2\/posts"}],"about":[{"href":"https:\/\/diariodepernambuco.audiencelabs.com.br\/wp-json\/wp\/v2\/types\/post"}],"author":[{"embeddable":true,"href":"https:\/\/diariodepernambuco.audiencelabs.com.br\/wp-json\/wp\/v2\/users\/4"}],"replies":[{"embeddable":true,"href":"https:\/\/diariodepernambuco.audiencelabs.com.br\/wp-json\/wp\/v2\/comments?post=5234"}],"version-history":[{"count":2,"href":"https:\/\/diariodepernambuco.audiencelabs.com.br\/wp-json\/wp\/v2\/posts\/5234\/revisions"}],"predecessor-version":[{"id":5236,"href":"https:\/\/diariodepernambuco.audiencelabs.com.br\/wp-json\/wp\/v2\/posts\/5234\/revisions\/5236"}],"wp:featuredmedia":[{"embeddable":true,"href":"https:\/\/diariodepernambuco.audiencelabs.com.br\/wp-json\/wp\/v2\/media\/1359"}],"wp:attachment":[{"href":"https:\/\/diariodepernambuco.audiencelabs.com.br\/wp-json\/wp\/v2\/media?parent=5234"}],"wp:term":[{"taxonomy":"category","embeddable":true,"href":"https:\/\/diariodepernambuco.audiencelabs.com.br\/wp-json\/wp\/v2\/categories?post=5234"},{"taxonomy":"post_tag","embeddable":true,"href":"https:\/\/diariodepernambuco.audiencelabs.com.br\/wp-json\/wp\/v2\/tags?post=5234"}],"curies":[{"name":"wp","href":"https:\/\/api.w.org\/{rel}","templated":true}]}}