{"id":5239,"date":"2025-10-03T10:30:00","date_gmt":"2025-10-03T13:30:00","guid":{"rendered":"https:\/\/diariodepernambuco.audiencelabs.com.br\/?p=5239"},"modified":"2025-10-02T09:32:07","modified_gmt":"2025-10-02T12:32:07","slug":"vale-alimentacao-vai-acabar-no-brasil-mudanca-confirmada","status":"publish","type":"post","link":"https:\/\/diariodepernambuco.audiencelabs.com.br\/vale-alimentacao-vai-acabar-no-brasil-mudanca-confirmada\/","title":{"rendered":"Vale-alimenta\u00e7\u00e3o vai acabar no Brasil? Mudan\u00e7a confirmada!"},"content":{"rendered":"\n<p>O uso do cart\u00e3o-refei\u00e7\u00e3o e do vale-alimenta\u00e7\u00e3o no Brasil est\u00e1 prestes a se tornar mais vantajoso e acess\u00edvel para os trabalhadores. O governo anunciou altera\u00e7\u00f5es nas regras desses benef\u00edcios com o objetivo de reduzir custos e facilitar o acesso a alimentos de qualidade, trazendo benef\u00edcios tanto para empregados quanto para empregadores.<\/p>\n\n\n\n<p>Entre as medidas previstas est\u00e3o a fixa\u00e7\u00e3o de um teto para as taxas cobradas pelas operadoras, a redu\u00e7\u00e3o do prazo de repasse aos estabelecimentos e a implementa\u00e7\u00e3o da portabilidade gratuita dos benef\u00edcios. Essas mudan\u00e7as buscam corrigir distor\u00e7\u00f5es que, h\u00e1 anos, prejudicam o com\u00e9rcio e os consumidores.<\/p>\n\n\n\n<p>Criado em 1976, o Programa de Alimenta\u00e7\u00e3o do Trabalhador (PAT) tem como objetivo estimular as empresas a oferecerem alimenta\u00e7\u00e3o adequada aos seus funcion\u00e1rios. Atrav\u00e9s de benef\u00edcios como vale-refei\u00e7\u00e3o e vale-alimenta\u00e7\u00e3o, as empresas recebem incentivos fiscais, enquanto os trabalhadores ganham apoio para custear suas refei\u00e7\u00f5es e a compra de alimentos.<\/p>\n\n\n\n<p>Atualmente, as operadoras de cart\u00f5es de alimenta\u00e7\u00e3o chegam a cobrar mais de 5% por transa\u00e7\u00e3o em restaurantes, lanchonetes e supermercados. Uma das propostas em an\u00e1lise pelo governo \u00e9 estabelecer um teto para essas taxas, visando reduzir custos para empresas e consumidores.<\/p>\n\n\n\n<p>Outro ponto cr\u00edtico do modelo atual \u00e9 o prazo de repasse aos comerciantes, que pode chegar a 60 dias, dificultando o fluxo de caixa dos estabelecimentos. As taxas de desconto, conhecidas como Merchant Discount Rate (MDR), s\u00e3o cobradas dos estabelecimentos que aceitam esses cart\u00f5es como forma de pagamento.<\/p>\n\n\n\n<h2 class=\"wp-block-heading\">Tudo sobre o Programa de Alimenta\u00e7\u00e3o do Trabalhador (PAT)<\/h2>\n\n\n\n<ol class=\"wp-block-list\">\n<li>O que \u00e9 o PAT<\/li>\n<\/ol>\n\n\n\n<ul class=\"wp-block-list\">\n<li>O Programa de Alimenta\u00e7\u00e3o do Trabalhador (PAT) foi criado em 1976 pelo governo federal com o objetivo de incentivar empresas a oferecerem alimenta\u00e7\u00e3o adequada aos seus empregados. Por meio de benef\u00edcios como vale-refei\u00e7\u00e3o, vale-alimenta\u00e7\u00e3o e outros programas de alimenta\u00e7\u00e3o, o PAT busca melhorar a sa\u00fade, bem-estar e produtividade dos trabalhadores.<\/li>\n<\/ul>\n\n\n\n<ol start=\"2\" class=\"wp-block-list\">\n<li>Como funciona<\/li>\n<\/ol>\n\n\n\n<ul class=\"wp-block-list\">\n<li>Benef\u00edcios oferecidos: As empresas podem fornecer aos funcion\u00e1rios vale-refei\u00e7\u00e3o, vale-alimenta\u00e7\u00e3o, cestas b\u00e1sicas ou refei\u00e7\u00f5es em restaurantes conveniados.<\/li>\n<\/ul>\n\n\n\n<ul class=\"wp-block-list\">\n<li>Incentivos fiscais: As empresas que aderem ao programa podem deduzir parte dos gastos com alimenta\u00e7\u00e3o no Imposto de Renda, tornando o investimento mais vantajoso.<\/li>\n<\/ul>\n\n\n\n<ul class=\"wp-block-list\">\n<li>Objetivo principal: Garantir que os trabalhadores tenham acesso a uma alimenta\u00e7\u00e3o saud\u00e1vel, complementando sua renda e melhorando a qualidade de vida.<\/li>\n<\/ul>\n\n\n\n<ol start=\"3\" class=\"wp-block-list\">\n<li>Opera\u00e7\u00e3o e cobran\u00e7a<\/li>\n<\/ol>\n\n\n\n<ul class=\"wp-block-list\">\n<li>Cart\u00f5es de alimenta\u00e7\u00e3o: Os benef\u00edcios geralmente s\u00e3o disponibilizados em cart\u00f5es eletr\u00f4nicos, aceitos em supermercados, restaurantes e lanchonetes conveniados.<\/li>\n<\/ul>\n\n\n\n<ul class=\"wp-block-list\">\n<li>Taxas: Atualmente, algumas operadoras cobram taxas superiores a 5% por transa\u00e7\u00e3o, o que impacta estabelecimentos e consumidores. O governo estuda limitar essas taxas para tornar o sistema mais justo.<\/li>\n<\/ul>\n\n\n\n<ul class=\"wp-block-list\">\n<li>Prazo de repasse: O valor creditado nos cart\u00f5es nem sempre chega imediatamente aos comerciantes, podendo demorar at\u00e9 60 dias, o que gera problemas de fluxo de caixa.<\/li>\n<\/ul>\n\n\n\n<ol start=\"4\" class=\"wp-block-list\">\n<li>Mudan\u00e7as recentes e propostas<\/li>\n<\/ol>\n\n\n\n<ul class=\"wp-block-list\">\n<li>O governo anunciou mudan\u00e7as para tornar o PAT mais eficiente:<\/li>\n\n\n\n<li>Teto para taxas das operadoras: reduzir custos para empresas e trabalhadores.<\/li>\n\n\n\n<li>Redu\u00e7\u00e3o do prazo de repasse aos estabelecimentos: melhorar o fluxo de caixa do com\u00e9rcio.<\/li>\n\n\n\n<li>Portabilidade gratuita: permitir que o trabalhador transfira seus benef\u00edcios entre diferentes operadoras sem custo.<\/li>\n<\/ul>\n\n\n\n<ol start=\"5\" class=\"wp-block-list\">\n<li>Benef\u00edcios do PAT<\/li>\n<\/ol>\n\n\n\n<ul class=\"wp-block-list\">\n<li>Para o trabalhador: alimenta\u00e7\u00e3o adequada, complementa\u00e7\u00e3o da renda e maior bem-estar.<\/li>\n\n\n\n<li>Para o empregador: redu\u00e7\u00e3o de impostos, aumento da produtividade e melhoria da satisfa\u00e7\u00e3o dos funcion\u00e1rios.<\/li>\n\n\n\n<li>Para o com\u00e9rcio: maior circula\u00e7\u00e3o de recursos e incentivo ao consumo de alimentos.<\/li>\n<\/ul>\n\n\n\n<p><\/p>\n","protected":false},"excerpt":{"rendered":"<p>O uso do cart\u00e3o-refei\u00e7\u00e3o e do vale-alimenta\u00e7\u00e3o no Brasil est\u00e1 prestes a se tornar mais vantajoso e acess\u00edvel para os trabalhadores. O governo anunciou altera\u00e7\u00f5es nas regras desses benef\u00edcios com o objetivo de reduzir custos e facilitar o acesso a alimentos de qualidade, trazendo benef\u00edcios tanto para empregados quanto para empregadores. Entre as medidas previstas [&hellip;]<\/p>\n","protected":false},"author":4,"featured_media":3051,"comment_status":"open","ping_status":"open","sticky":false,"template":"","format":"standard","meta":{"jnews-multi-image_gallery":[],"jnews_single_post":{"format":"standard"},"jnews_primary_category":[],"jnews_social_meta":[],"jnews_post_split":[],"footnotes":""},"categories":[1],"tags":[],"class_list":["post-5239","post","type-post","status-publish","format-standard","has-post-thumbnail","hentry","category-uncategorized"],"_links":{"self":[{"href":"https:\/\/diariodepernambuco.audiencelabs.com.br\/wp-json\/wp\/v2\/posts\/5239","targetHints":{"allow":["GET"]}}],"collection":[{"href":"https:\/\/diariodepernambuco.audiencelabs.com.br\/wp-json\/wp\/v2\/posts"}],"about":[{"href":"https:\/\/diariodepernambuco.audiencelabs.com.br\/wp-json\/wp\/v2\/types\/post"}],"author":[{"embeddable":true,"href":"https:\/\/diariodepernambuco.audiencelabs.com.br\/wp-json\/wp\/v2\/users\/4"}],"replies":[{"embeddable":true,"href":"https:\/\/diariodepernambuco.audiencelabs.com.br\/wp-json\/wp\/v2\/comments?post=5239"}],"version-history":[{"count":2,"href":"https:\/\/diariodepernambuco.audiencelabs.com.br\/wp-json\/wp\/v2\/posts\/5239\/revisions"}],"predecessor-version":[{"id":5241,"href":"https:\/\/diariodepernambuco.audiencelabs.com.br\/wp-json\/wp\/v2\/posts\/5239\/revisions\/5241"}],"wp:featuredmedia":[{"embeddable":true,"href":"https:\/\/diariodepernambuco.audiencelabs.com.br\/wp-json\/wp\/v2\/media\/3051"}],"wp:attachment":[{"href":"https:\/\/diariodepernambuco.audiencelabs.com.br\/wp-json\/wp\/v2\/media?parent=5239"}],"wp:term":[{"taxonomy":"category","embeddable":true,"href":"https:\/\/diariodepernambuco.audiencelabs.com.br\/wp-json\/wp\/v2\/categories?post=5239"},{"taxonomy":"post_tag","embeddable":true,"href":"https:\/\/diariodepernambuco.audiencelabs.com.br\/wp-json\/wp\/v2\/tags?post=5239"}],"curies":[{"name":"wp","href":"https:\/\/api.w.org\/{rel}","templated":true}]}}